{"id":1544,"date":"2015-09-28T18:59:00","date_gmt":"2015-09-28T16:59:00","guid":{"rendered":"http:\/\/agora.xtec.cat\/escolabacdecerdanya\/general\/sortida-estany-de-malniu\/"},"modified":"2015-09-28T18:59:00","modified_gmt":"2015-09-28T16:59:00","slug":"sortida-estany-de-malniu","status":"publish","type":"post","link":"https:\/\/agora.xtec.cat\/escolabacdecerdanya\/general\/sortida-estany-de-malniu\/","title":{"rendered":"SORTIDA ESTANY DE MALNIU"},"content":{"rendered":"<div style=\"text-align: justify;\"><a href=\"http:\/\/4.bp.blogspot.com\/-jSWp7ZyS0KQ\/Vglv1EaIAGI\/AAAAAAAAD9g\/3ioMbjdJLlE\/s1600\/DSC_0222.jpg\" style=\"clear: left; float: left; margin-bottom: 1em; margin-right: 1em;\"><img loading=\"lazy\" decoding=\"async\" border=\"0\" height=\"180\" src=\"http:\/\/4.bp.blogspot.com\/-jSWp7ZyS0KQ\/Vglv1EaIAGI\/AAAAAAAAD9g\/3ioMbjdJLlE\/s320\/DSC_0222.jpg\" width=\"320\" \/><\/a><span style=\"font-size: large;\">El divendres 25 de setembre el grup de cicle superior vam anar d&#8217;excursi\u00f3 a l&#8217;estany de Malniu!<\/span><\/div>\n<div style=\"text-align: justify;\"><a href=\"http:\/\/4.bp.blogspot.com\/--ZkdQHP5-Og\/Vglv7bzxzTI\/AAAAAAAAD9o\/tClTdCf3av8\/s1600\/DSC_0237.jpg\" style=\"clear: right; float: right; margin-bottom: 1em; margin-left: 1em;\"><img loading=\"lazy\" decoding=\"async\" border=\"0\" height=\"180\" src=\"http:\/\/4.bp.blogspot.com\/--ZkdQHP5-Og\/Vglv7bzxzTI\/AAAAAAAAD9o\/tClTdCf3av8\/s320\/DSC_0237.jpg\" width=\"320\" \/><\/a><span style=\"font-size: large;\">Ens van acompanyar dues bi\u00f2logues, la Teresa i la N\u00faria. Elles treballen en un projecte que es diu Limnopirineus i consisteix en la conservaci\u00f3 i recuperaci\u00f3 de medis aqu\u00e0tics d&#8217;alta muntanya.<\/span><\/div>\n<div style=\"text-align: justify;\"><a href=\"http:\/\/4.bp.blogspot.com\/-V2N0dfQve9I\/Vglv-rR6oJI\/AAAAAAAAD9w\/0oULEzeLoLs\/s1600\/DSC_0251.jpg\" style=\"clear: left; float: left; margin-bottom: 1em; margin-right: 1em;\"><img loading=\"lazy\" decoding=\"async\" border=\"0\" height=\"180\" src=\"http:\/\/4.bp.blogspot.com\/-V2N0dfQve9I\/Vglv-rR6oJI\/AAAAAAAAD9w\/0oULEzeLoLs\/s320\/DSC_0251.jpg\" width=\"320\" \/><\/a><span style=\"font-size: large;\">Vam comen\u00e7ar a caminar a l&#8217;estaci\u00f3 de Guils Fontanera i, pel mig del bosc, vam arribar al refugi de la feixa; all\u00e0 hi ha una mollera molt interessant. Despr\u00e9s vam seguir caminant fins a l&#8217;Estany de Malniu; all\u00e0 ens van explicar com ha de ser l&#8217;ecosistema d&#8217;un estany natural d&#8217;alta muntanya i qu\u00e8 passa quan hi introdu\u00efm esp\u00e8cies invasores com la truita de riu i el barb roig.<\/span><\/div>\n<div style=\"text-align: justify;\"><span style=\"font-size: large;\">Va ser molt divertit perqu\u00e8 vam fer servir material d&#8217;un bi\u00f2leg com les lupes, xarxes per agafar mostres, &#8230;<\/span><\/div>\n<p><span style=\"font-size: large;\"><a href=\"http:\/\/4.bp.blogspot.com\/-B65fi4BaA-M\/VglwHO1m5HI\/AAAAAAAAD94\/M9rNpql6I3A\/s1600\/DSC_0259.jpg\" style=\"clear: right; float: right; margin-bottom: 1em; margin-left: 1em;\"><img loading=\"lazy\" decoding=\"async\" border=\"0\" height=\"180\" src=\"http:\/\/4.bp.blogspot.com\/-B65fi4BaA-M\/VglwHO1m5HI\/AAAAAAAAD94\/M9rNpql6I3A\/s320\/DSC_0259.jpg\" width=\"320\" \/><\/a>&nbsp;<\/span><br \/><span style=\"font-size: large;\">&nbsp;De tornada vam baixar al refugi de Malniu per dinar. Despr\u00e9s vam acabar de baixar fins a Meranges a peu !!!! D\u00e9u ni do la baixadeta!!!!&#8230;<\/span><br \/><span style=\"font-size: large;\"><br \/><\/span><span style=\"font-size: large;\">Si voleu veure totes les fotos de la sortida <a href=\"https:\/\/drive.google.com\/folderview?id=0B4EjL38GhZmSNk1KT0x0eXgxSVk&amp;usp=sharing\">cliqueu aqu\u00ed<\/a>!.<\/span><\/p>\n","protected":false},"excerpt":{"rendered":"<p><a href=\"http:\/\/4.bp.blogspot.com\/-jSWp7ZyS0KQ\/Vglv1EaIAGI\/AAAAAAAAD9g\/3ioMbjdJLlE\/s1600\/DSC_0222.jpg\" style=\"clear: left; float: left; margin-bottom: 1em; margin-right: 1em;\"><\/a>El divendres 25 de setembre el grup de cicle superior vam anar d&#8217;excursi\u00f3 a l&#8217;estany de Malniu!<br \/>\n<a href=\"http:\/\/4.bp.blogspot.com\/--ZkdQHP5-Og\/Vglv7bzxzTI\/AAAAAAAAD9o\/tClTdCf3av8\/s1600\/DSC_0237.jpg\" style=\"clear: right; float: right; margin-bottom: 1em; margin-left: 1em;\"><\/a>Ens van acompanyar dues bi\u00f2logues, la Teresa i la N\u00faria. Elles&hellip;  <a href=\"https:\/\/agora.xtec.cat\/escolabacdecerdanya\/general\/sortida-estany-de-malniu\/\" title=\"Read SORTIDA ESTANY DE MALNIU\">Llegeix m\u00e9s\u00bb<\/a><\/p>\n","protected":false},"author":29,"featured_media":0,"comment_status":"open","ping_status":"closed","sticky":false,"template":"","format":"standard","meta":{"_bbp_topic_count":0,"_bbp_reply_count":0,"_bbp_total_topic_count":0,"_bbp_total_reply_count":0,"_bbp_voice_count":0,"_bbp_anonymous_reply_count":0,"_bbp_topic_count_hidden":0,"_bbp_reply_count_hidden":0,"_bbp_forum_subforum_count":0,"footnotes":""},"categories":[1],"tags":[],"class_list":["post-1544","post","type-post","status-publish","format-standard","hentry","category-general"],"post_mailing_queue_ids":[],"_links":{"self":[{"href":"https:\/\/agora.xtec.cat\/escolabacdecerdanya\/wp-json\/wp\/v2\/posts\/1544","targetHints":{"allow":["GET"]}}],"collection":[{"href":"https:\/\/agora.xtec.cat\/escolabacdecerdanya\/wp-json\/wp\/v2\/posts"}],"about":[{"href":"https:\/\/agora.xtec.cat\/escolabacdecerdanya\/wp-json\/wp\/v2\/types\/post"}],"author":[{"embeddable":true,"href":"https:\/\/agora.xtec.cat\/escolabacdecerdanya\/wp-json\/wp\/v2\/users\/29"}],"replies":[{"embeddable":true,"href":"https:\/\/agora.xtec.cat\/escolabacdecerdanya\/wp-json\/wp\/v2\/comments?post=1544"}],"version-history":[{"count":0,"href":"https:\/\/agora.xtec.cat\/escolabacdecerdanya\/wp-json\/wp\/v2\/posts\/1544\/revisions"}],"wp:attachment":[{"href":"https:\/\/agora.xtec.cat\/escolabacdecerdanya\/wp-json\/wp\/v2\/media?parent=1544"}],"wp:term":[{"taxonomy":"category","embeddable":true,"href":"https:\/\/agora.xtec.cat\/escolabacdecerdanya\/wp-json\/wp\/v2\/categories?post=1544"},{"taxonomy":"post_tag","embeddable":true,"href":"https:\/\/agora.xtec.cat\/escolabacdecerdanya\/wp-json\/wp\/v2\/tags?post=1544"}],"curies":[{"name":"wp","href":"https:\/\/api.w.org\/{rel}","templated":true}]}}