{"id":1541,"date":"2016-02-10T13:54:00","date_gmt":"2016-02-10T12:54:00","guid":{"rendered":"http:\/\/agora.xtec.cat\/escolabacdecerdanya\/general\/prego-carnestoltes\/"},"modified":"2016-02-10T13:54:00","modified_gmt":"2016-02-10T12:54:00","slug":"prego-carnestoltes","status":"publish","type":"post","link":"https:\/\/agora.xtec.cat\/escolabacdecerdanya\/general\/prego-carnestoltes\/","title":{"rendered":"PREG\u00d3 CARNESTOLTES"},"content":{"rendered":"<div><\/div>\n<div style=\"clear: both; text-align: center;\"><a href=\"https:\/\/4.bp.blogspot.com\/-d_39fzfZ9iw\/VrsjISOP0qI\/AAAAAAAAEUA\/3F3ItpknkhM\/s1600\/DSC_0036.jpg\" style=\"margin-left: 1em; margin-right: 1em;\"><img loading=\"lazy\" decoding=\"async\" border=\"0\" height=\"180\" src=\"https:\/\/4.bp.blogspot.com\/-d_39fzfZ9iw\/VrsjISOP0qI\/AAAAAAAAEUA\/3F3ItpknkhM\/s320\/DSC_0036.jpg\" width=\"320\" \/><\/a><\/div>\n<div><\/div>\n<div><span style=\"background-color: red; color: #f3f3f3; font-family: Arial, Helvetica, sans-serif;\">Els alumnes de sis\u00e8 vam fer el preg\u00f3 del REI CARNESTOLTES :&nbsp;<\/span><\/div>\n<div><span style=\"background-color: red; color: #f3f3f3; font-family: Arial, Helvetica, sans-serif;\"><br \/><\/span><\/div>\n<div><span style=\"background-color: red; color: #f3f3f3; font-family: Arial, Helvetica, sans-serif;\">&nbsp;LLEGIU COM VA QUEDAR!!! &nbsp;&nbsp;<\/span><\/div>\n<div><\/div>\n<div><\/div>\n<div><b><span lang=\"CA\">Bon dia nens i nenes <o:p><\/o:p><\/span><\/b><\/div>\n<div><b><span lang=\"CA\">mestres i companys<o:p><\/o:p><\/span><\/b><\/div>\n<div><b><span lang=\"CA\">s\u00f3c el carnestoltes<o:p><\/o:p><\/span><\/b><\/div>\n<div><b><span lang=\"CA\">i ja ha passat l\u2019any.<o:p><\/o:p><\/span><\/b><\/div>\n<div><b><span lang=\"CA\">L\u2019avorriment s\u2019ha acabat<o:p><\/o:p><\/span><\/b><\/div>\n<div><b><span lang=\"CA\">i la diversi\u00f3 ha arribat.<o:p><\/o:p><\/span><\/b><\/div>\n<div><b><span lang=\"CA\">Molt content estic <o:p><\/o:p><\/span><\/b><\/div>\n<div><b><span lang=\"CA\">de veure a tothom disfressat<o:p><\/o:p><\/span><\/b><\/div>\n<div><b><span lang=\"CA\">i de tants colors variats<o:p><\/o:p><\/span><\/b><\/div>\n<div><b><span lang=\"CA\">I ara tot un seguit de rodolins<o:p><\/o:p><\/span><\/b><\/div>\n<div><b><span lang=\"CA\">Us llegirem i aix\u00ed ens divertirem.<o:p><\/o:p><\/span><\/b><\/div>\n<div><b><span lang=\"CA\">Que passeu bona festa <o:p><\/o:p><\/span><\/b><\/div>\n<div><b><span lang=\"CA\">I tamb\u00e9 feu molta gresca!!!! &nbsp;<o:p><\/o:p><\/span><\/b><\/div>\n<div><\/div>\n<div><b><span lang=\"CA\">Els nens de P3<o:p><\/o:p><\/span><\/b><\/div>\n<div><b><span lang=\"CA\">aquest any han arribat<o:p><\/o:p><\/span><\/b><\/div>\n<div><b><span lang=\"CA\">i amb la classe de P4 s\u2019han ajuntat.<o:p><\/o:p><\/span><\/b><\/div>\n<div><b><span lang=\"CA\">Encara que siguin poquets,<o:p><\/o:p><\/span><\/b><\/div>\n<div><b><span lang=\"CA\">s\u00f3n ben entremaliadets. <o:p><\/o:p><\/span><\/b><\/div>\n<div><\/div>\n<div><b><span lang=\"CA\">Els alumnes de p5 <o:p><\/o:p><\/span><\/b><\/div>\n<div><b><span lang=\"CA\">una bona colla s\u00f3n,<o:p><\/o:p><\/span><\/b><\/div>\n<div><b><span lang=\"CA\">per\u00f2 a l\u2019hora de treballar<o:p><\/o:p><\/span><\/b><\/div>\n<div><b><span lang=\"CA\">es posen a jugar <o:p><\/o:p><\/span><\/b><\/div>\n<div><\/div>\n<div><b><span lang=\"CA\">Petits i eixerits<o:p><\/o:p><\/span><\/b><\/div>\n<div><b><span lang=\"CA\">s\u00f3n els nens de primer<o:p><\/o:p><\/span><\/b><\/div>\n<div><b><span lang=\"CA\">Sempre sumant&nbsp; i restant<o:p><\/o:p><\/span><\/b><\/div>\n<div><b><span lang=\"CA\">s\u2019ho passen genial<o:p><\/o:p><\/span><\/b><\/div>\n<div><\/div>\n<div><b><span lang=\"CA\">Els alumnes de 2n <o:p><\/o:p><\/span><\/b><\/div>\n<div><b><span lang=\"CA\">molt espavilats s\u00f3n.<o:p><\/o:p><\/span><\/b><\/div>\n<div><b><span lang=\"CA\">Estudiar no els hi agrada gens<o:p><\/o:p><\/span><\/b><\/div>\n<div><b><span lang=\"CA\">prefereixen rentar-se les dents.<o:p><\/o:p><\/span><\/b><\/div>\n<div><\/div>\n<div><b><span lang=\"CA\">Xerraires i juganers&nbsp; <o:p><\/o:p><\/span><\/b><\/div>\n<div><b><span lang=\"CA\">s\u00f3n la classe de 3r<o:p><\/o:p><\/span><\/b><\/div>\n<div><b><span lang=\"CA\">Tot el dia buscant \u2018foll\u00f3\u2019<o:p><\/o:p><\/span><\/b><\/div>\n<div><b><span lang=\"CA\">sense estudiar les lli\u00e7ons.<o:p><\/o:p><\/span><\/b><\/div>\n<div><\/div>\n<div><b><span lang=\"CA\">De l\u2019escola s\u00f3n els mimats <o:p><\/o:p><\/span><\/b><\/div>\n<div><b><span lang=\"CA\">i l\u2019esport blanc els hi ha tocat<o:p><\/o:p><\/span><\/b><\/div>\n<div><b><span lang=\"CA\">S\u00f3n petits i poquets <o:p><\/o:p><\/span><\/b><\/div>\n<div><b><span lang=\"CA\">els de quart s\u00f3n aquests <o:p><\/o:p><\/span><\/b><\/div>\n<div><\/div>\n<div><b><span lang=\"CA\">Els alumnes de 5\u00e8<o:p><\/o:p><\/span><\/b><\/div>\n<div><b><span lang=\"CA\">no els&nbsp; hi agrada gaire treballar,<o:p><\/o:p><\/span><\/b><\/div>\n<div><b><span lang=\"CA\">per\u00f2 a l\u2019hora del futbol<o:p><\/o:p><\/span><\/b><\/div>\n<div><b><span lang=\"CA\">s\u00f3n bons i marquen molts gols.<o:p><\/o:p><\/span><\/b><\/div>\n<div><\/div>\n<div><b><span lang=\"CA\">Els m\u00e9s grans de l\u2019escola<o:p><\/o:p><\/span><\/b><\/div>\n<div><b><span lang=\"CA\">tenen ganes de marxar <o:p><\/o:p><\/span><\/b><\/div>\n<div><b><span lang=\"CA\">per anar a l\u2019institut<o:p><\/o:p><\/span><\/b><\/div>\n<div><b><span lang=\"CA\">i , aix\u00ed , poder lligar<o:p><\/o:p><\/span><\/b><\/div>\n<div><\/div>\n<div><b><span lang=\"CA\">La Margarita poc xerraire \u00e9s <o:p><\/o:p><\/span><\/b><\/div>\n<div><b><span lang=\"CA\">i molt estressada est\u00e0 <o:p><\/o:p><\/span><\/b><\/div>\n<div><b><span lang=\"CA\">Li recomanem que vagi a un esp\u00e0<o:p><\/o:p><\/span><\/b><\/div>\n<div><b><span lang=\"CA\">perqu\u00e8 pugui descansar <o:p><\/o:p><\/span><\/b><\/div>\n<div><\/div>\n<div><\/div>\n<div><b><span lang=\"CA\">El Robert de p3<o:p><\/o:p><\/span><\/b><\/div>\n<div><b><span lang=\"CA\">es nou aquest any<o:p><\/o:p><\/span><\/b><\/div>\n<div><b><span lang=\"CA\">Sempre somriu<o:p><\/o:p><\/span><\/b><\/div>\n<div><b><span lang=\"CA\">per\u00f2 no es gaire expressiu <o:p><\/o:p><\/span><\/b><\/div>\n<div><\/div>\n<div><b><span lang=\"CA\">La Laia \u00e9s molt alta i eixerida<o:p><\/o:p><\/span><\/b><\/div>\n<div><b><span lang=\"CA\">li agrada saltar i ballar.<o:p><\/o:p><\/span><\/b><\/div>\n<div><b><span lang=\"CA\">I els alumnes de p5 ensenyar\u00e0<o:p><\/o:p><\/span><\/b><\/div>\n<div><b><span lang=\"CA\">a saber-se comportar <o:p><\/o:p><\/span><\/b><\/div>\n<div><\/div>\n<div><b><span lang=\"CA\">Per fi la Teresa ha tornat<o:p><\/o:p><\/span><\/b><\/div>\n<div><b><span lang=\"CA\">amb una xiqueta al costat .<o:p><\/o:p><\/span><\/b><\/div>\n<div><b><span lang=\"CA\">Aix\u00f2 paci\u00e8ncia li ha fet agafar<o:p><\/o:p><\/span><\/b><\/div>\n<div><b><span lang=\"CA\">per aquestes feres, poder aguantar <o:p><\/o:p><\/span><\/b><\/div>\n<div><\/div>\n<div><st1:personname product w:st=\"on\"><b><span lang=\"CA\">La Laura<\/span><\/b><\/st1:personname><b><span lang=\"CA\"> Casanoves<o:p><\/o:p><\/span><\/b><\/div>\n<div><b><span lang=\"CA\">li agrada portar &nbsp;moltes noves<o:p><\/o:p><\/span><\/b><\/div>\n<div><b><span lang=\"CA\">Alerta de tot sempre est\u00e0<o:p><\/o:p><\/span><\/b><\/div>\n<div><b><span lang=\"CA\">per a tothom poder explicar!!<o:p><\/o:p><\/span><\/b><\/div>\n<div><\/div>\n<div><b><span lang=\"CA\">La Mireia molt maca i seria \u00e9s <o:p><\/o:p><\/span><\/b><\/div>\n<div><b><span lang=\"CA\">Li agrada molt l\u2019esport<o:p><\/o:p><\/span><\/b><\/div>\n<div><b><span lang=\"CA\">Esquiar i caminar<o:p><\/o:p><\/span><\/b><\/div>\n<div><b><span lang=\"CA\">Per\u00f2 tamb\u00e9 ensenyar<o:p><\/o:p><\/span><\/b><\/div>\n<div><\/div>\n<div><\/div>\n<div><\/div>\n<div><b><span lang=\"CA\">La Marta Chia ha tornat<o:p><\/o:p><\/span><\/b><\/div>\n<div><b><span lang=\"CA\">Molt li ha agradat <o:p><\/o:p><\/span><\/b><\/div>\n<div><b><span lang=\"CA\">B\u00e9 cada dia de Puigcerd\u00e0<o:p><\/o:p><\/span><\/b><\/div>\n<div><b><span lang=\"CA\">I a l\u2019escola poder pencar<o:p><\/o:p><\/span><\/b><\/div>\n<div><\/div>\n<div><b><span lang=\"CA\">La Marga fa mitja jornada <o:p><\/o:p><\/span><\/b><\/div>\n<div><b><span lang=\"CA\">perqu\u00e8 esta cansada .<o:p><\/o:p><\/span><\/b><\/div>\n<div><b><span lang=\"CA\">Cada dia quan arriba a casa <o:p><\/o:p><\/span><\/b><\/div>\n<div><b><span lang=\"CA\">fa la migdiada.<o:p><\/o:p><\/span><\/b><\/div>\n<div><\/div>\n<div><\/div>\n<div><b><span lang=\"CA\">La S\u00f2nia un far en t\u00e9 <o:p><\/o:p><\/span><\/b><\/div>\n<div><b><span lang=\"CA\">amb la classe de cinqu\u00e8.<o:p><\/o:p><\/span><\/b><\/div>\n<div><b><span lang=\"CA\">Si boja no vol parar <o:p><\/o:p><\/span><\/b><\/div>\n<div><b><span lang=\"CA\">una til\u00b7la s\u2019haur\u00e0 de preparar. <o:p><\/o:p><\/span><\/b><\/div>\n<div><\/div>\n<div><b><span lang=\"CA\">La Montse \u00e9s d\u2019admirar<o:p><\/o:p><\/span><\/b><\/div>\n<div><b><span lang=\"CA\">perqu\u00e8 ja no sabem<o:p><\/o:p><\/span><\/b><\/div>\n<div><b><span lang=\"CA\">Quants sis\u00e8s ha hagut d\u2019aguantar<o:p><\/o:p><\/span><\/b><\/div>\n<div><b><span lang=\"CA\">per\u00f2 entre bronques i alegries <o:p><\/o:p><\/span><\/b><\/div>\n<div><b><span lang=\"CA\">ens fa passar grans dies <o:p><\/o:p><\/span><\/b><\/div>\n<div><\/div>\n<div><b><span lang=\"CA\">La Nines tot el dia<o:p><\/o:p><\/span><\/b><\/div>\n<div><b><span lang=\"CA\">amb el seu \u201cBon-jour \u00e7ava!\u201d<o:p><\/o:p><\/span><\/b><\/div>\n<div><b><span lang=\"CA\">Per\u00f2 quan \u00e9s hora de festa <o:p><\/o:p><\/span><\/b><\/div>\n<div><b><span lang=\"CA\">\u00e9s la primera en ballar<o:p><\/o:p><\/span><\/b><\/div>\n<div><\/div>\n<div><b><span lang=\"CA\">Entre galls i esbroncades<o:p><\/o:p><\/span><\/b><\/div>\n<div><b><span lang=\"CA\">l\u2019Assumpta af\u00f2nica es quedar\u00e0.<o:p><\/o:p><\/span><\/b><\/div>\n<div><b><span lang=\"CA\">La baixa haur\u00e0 d\u2019agafar<o:p><\/o:p><\/span><\/b><\/div>\n<div><b><span lang=\"CA\">perqu\u00e8 no podr\u00e0 cantar.<o:p><\/o:p><\/span><\/b><\/div>\n<div><\/div>\n<div><\/div>\n<div><b><span lang=\"CA\">La Zaida xiular\u00e0 <o:p><\/o:p><\/span><\/b><\/div>\n<div><b><span lang=\"CA\">i fins a cinc comptar\u00e0<o:p><\/o:p><\/span><\/b><\/div>\n<div><b><span lang=\"CA\">I qui no s\u2019assegui <o:p><\/o:p><\/span><\/b><\/div>\n<div><b><span lang=\"CA\">un c\u00e0stig rebr\u00e0.<o:p><\/o:p><\/span><\/b><\/div>\n<div><\/div>\n<div><b><span lang=\"CA\">En Joan de Tac,<o:p><\/o:p><\/span><\/b><\/div>\n<div><b><span lang=\"CA\">ens atabala tot el dia<o:p><\/o:p><\/span><\/b><\/div>\n<div><b><span lang=\"CA\">amb les seves bicicletes<o:p><\/o:p><\/span><\/b><\/div>\n<div><b><span lang=\"CA\">Per\u00f2 despr\u00e9s ens recompensa <o:p><\/o:p><\/span><\/b><\/div>\n<div><b><span lang=\"CA\">Regalant-nos piruletes .<o:p><\/o:p><\/span><\/b><\/div>\n<div><\/div>\n<div><b><span lang=\"CA\">De nom es diu Biel<o:p><\/o:p><\/span><\/b><\/div>\n<div><b><span lang=\"CA\">\u00e9s un crac de l &#8216;angl\u00e8s.<o:p><\/o:p><\/span><\/b><\/div>\n<div><b><span lang=\"CA\">El nostre profe \u00e9s, una mica avorridet<o:p><\/o:p><\/span><\/b><\/div>\n<div><b><span lang=\"CA\">per\u00f2 molt guapet.<o:p><\/o:p><\/span><\/b><\/div>\n<div><\/div>\n<div><\/div>\n<div><b><span lang=\"CA\">La Marta Cazorla <o:p><\/o:p><\/span><\/b><\/div>\n<div><b><span lang=\"CA\">un excel\u00b7lent et posar\u00e0<o:p><\/o:p><\/span><\/b><\/div>\n<div><b><span lang=\"CA\">si a la classe callat est\u00e0s<o:p><\/o:p><\/span><\/b><\/div>\n<div><b><span lang=\"CA\">i les seves hist\u00f2ries saps escoltar!!<o:p><\/o:p><\/span><\/b><\/div>\n<div><\/div>\n<div><\/div>\n<div><b><span lang=\"CA\">El Jose el cuiner<o:p><\/o:p><\/span><\/b><\/div>\n<div><b><span lang=\"CA\">\u00e9s un xicot molt arriat.<o:p><\/o:p><\/span><\/b><\/div>\n<div><b><span lang=\"CA\">truites de totes maneres, per la rostita far\u00e0<o:p><\/o:p><\/span><\/b><\/div>\n<div><b><span lang=\"CA\">totes les paelles embrutar\u00e0 i un tip en tindr\u00e0. <o:p><\/o:p><\/span><\/b><\/div>\n<div><\/div>\n<div><b><span lang=\"CA\">La Laura secret\u00e0ria<o:p><\/o:p><\/span><\/b><\/div>\n<div><b><span lang=\"CA\">tot el dia amunt i avall<o:p><\/o:p><\/span><\/b><\/div>\n<div><b><span lang=\"CA\">repartint paperassa<o:p><\/o:p><\/span><\/b><\/div>\n<div><b><span lang=\"CA\">per a tots els infants.<o:p><\/o:p><\/span><\/b><\/div>\n<div><\/div>\n<div><b><span lang=\"CA\">&nbsp;C\u00e0stig per aqu\u00ed, c\u00e0stig per all\u00e0<o:p><\/o:p><\/span><\/b><\/div>\n<div><b><span lang=\"CA\">les monitores de menjador van posant.<o:p><\/o:p><\/span><\/b><\/div>\n<div><b><span lang=\"CA\">Volen que aprenem a menjar<o:p><\/o:p><\/span><\/b><\/div>\n<div><b><span lang=\"CA\">i saber-nos comportar.<o:p><\/o:p><\/span><\/b><\/div>\n<div><\/div>\n<div><b><span lang=\"CA\">Escombra amunt, escombra avall<o:p><\/o:p><\/span><\/b><\/div>\n<div><b><span lang=\"CA\">la Loli, la M\u00ba Jose i la J\u00falia <o:p><\/o:p><\/span><\/b><\/div>\n<div><b><span lang=\"CA\">sempre van passant .<o:p><\/o:p><\/span><\/b><\/div>\n<div><b><span lang=\"CA\">L\u2019escola molt neta est\u00e0 <o:p><\/o:p><\/span><\/b><\/div>\n<div><b><span lang=\"CA\">perqu\u00e8 els nens , la puguin embrutar<o:p><\/o:p><\/span><\/b><\/div>\n<div><\/div>\n<div><b><span lang=\"CA\">Aquest any l\u2019Ajuntament <o:p><\/o:p><\/span><\/b><\/div>\n<div><b><span lang=\"CA\">s\u2019ha fet un embolic ,<o:p><\/o:p><\/span><\/b><\/div>\n<div><b><span lang=\"CA\">massa biomassa han ficat <o:p><\/o:p><\/span><\/b><\/div>\n<div><b><span lang=\"CA\">i ens hem quedat fregits!!!<o:p><\/o:p><\/span><\/b><\/div>\n<div><\/div>\n<div><b><span lang=\"CA\">Amb el desig que b\u00e9, ho passeu, de vosaltres m\u2019acomiado.<o:p><\/o:p><\/span><\/b><\/div>\n<div><\/div>\n<div><b><span lang=\"CA\">Que comenci el Carnaval una festa esbojarrada per poder<o:p><\/o:p><\/span><\/b><\/div>\n<div><b><span lang=\"CA\">&nbsp;fer l\u2019animal i passar-ho genial!<o:p><\/o:p><\/span><\/b><\/div>\n<div><b><span lang=\"CA\">VISCA EL CARNESTOLTES&nbsp; !!!!!!<\/span><\/b><\/div>\n","protected":false},"excerpt":{"rendered":"<p><a href=\"https:\/\/4.bp.blogspot.com\/-d_39fzfZ9iw\/VrsjISOP0qI\/AAAAAAAAEUA\/3F3ItpknkhM\/s1600\/DSC_0036.jpg\" style=\"margin-left: 1em; margin-right: 1em;\"><\/a><\/p>\n<p>Els alumnes de sis\u00e8 vam fer el preg\u00f3 del REI CARNESTOLTES :&nbsp;<\/p>\n<p>&nbsp;LLEGIU COM VA QUEDAR!!! &nbsp;&nbsp;<\/p>\n<p>Bon dia nens i nenes<br \/>\nmestres i companys<br \/>\ns\u00f3c el carnestoltes<br \/>\ni ja ha passat l\u2019any.<br \/>\nL\u2019avorriment s\u2019ha acabat<br \/>\ni la diversi\u00f3 ha arribat.<br \/>\nMolt content estic<br \/>\nde veure a&hellip;  <a href=\"https:\/\/agora.xtec.cat\/escolabacdecerdanya\/general\/prego-carnestoltes\/\" title=\"Read PREG\u00d3 CARNESTOLTES\">Llegeix m\u00e9s\u00bb<\/a><\/p>\n","protected":false},"author":29,"featured_media":0,"comment_status":"open","ping_status":"closed","sticky":false,"template":"","format":"standard","meta":{"_bbp_topic_count":0,"_bbp_reply_count":0,"_bbp_total_topic_count":0,"_bbp_total_reply_count":0,"_bbp_voice_count":0,"_bbp_anonymous_reply_count":0,"_bbp_topic_count_hidden":0,"_bbp_reply_count_hidden":0,"_bbp_forum_subforum_count":0,"footnotes":""},"categories":[1],"tags":[],"class_list":["post-1541","post","type-post","status-publish","format-standard","hentry","category-general"],"post_mailing_queue_ids":[],"_links":{"self":[{"href":"https:\/\/agora.xtec.cat\/escolabacdecerdanya\/wp-json\/wp\/v2\/posts\/1541","targetHints":{"allow":["GET"]}}],"collection":[{"href":"https:\/\/agora.xtec.cat\/escolabacdecerdanya\/wp-json\/wp\/v2\/posts"}],"about":[{"href":"https:\/\/agora.xtec.cat\/escolabacdecerdanya\/wp-json\/wp\/v2\/types\/post"}],"author":[{"embeddable":true,"href":"https:\/\/agora.xtec.cat\/escolabacdecerdanya\/wp-json\/wp\/v2\/users\/29"}],"replies":[{"embeddable":true,"href":"https:\/\/agora.xtec.cat\/escolabacdecerdanya\/wp-json\/wp\/v2\/comments?post=1541"}],"version-history":[{"count":0,"href":"https:\/\/agora.xtec.cat\/escolabacdecerdanya\/wp-json\/wp\/v2\/posts\/1541\/revisions"}],"wp:attachment":[{"href":"https:\/\/agora.xtec.cat\/escolabacdecerdanya\/wp-json\/wp\/v2\/media?parent=1541"}],"wp:term":[{"taxonomy":"category","embeddable":true,"href":"https:\/\/agora.xtec.cat\/escolabacdecerdanya\/wp-json\/wp\/v2\/categories?post=1541"},{"taxonomy":"post_tag","embeddable":true,"href":"https:\/\/agora.xtec.cat\/escolabacdecerdanya\/wp-json\/wp\/v2\/tags?post=1541"}],"curies":[{"name":"wp","href":"https:\/\/api.w.org\/{rel}","templated":true}]}}