{"id":1530,"date":"2016-10-18T17:43:00","date_gmt":"2016-10-18T15:43:00","guid":{"rendered":"http:\/\/agora.xtec.cat\/escolabacdecerdanya\/general\/"},"modified":"2016-10-18T17:43:00","modified_gmt":"2016-10-18T15:43:00","slug":"1530","status":"publish","type":"post","link":"https:\/\/agora.xtec.cat\/escolabacdecerdanya\/general\/1530\/","title":{"rendered":""},"content":{"rendered":"<h4 style=\"text-align: center;\"><span style=\"color: purple; font-family: &quot;helvetica neue&quot; , &quot;arial&quot; , &quot;helvetica&quot; , sans-serif; font-size: large;\"><u>SORTIDA AL POBLAT DEL SERRAT DE CAL NOT&nbsp;<\/u><\/span><\/h4>\n<h4 style=\"text-align: center;\"><span style=\"color: purple; font-family: &quot;helvetica neue&quot; , &quot;arial&quot; , &quot;helvetica&quot; , sans-serif; font-size: large;\"><u>I AL DOLMEN DEL PABORDE<\/u><\/span><\/h4>\n<div style=\"text-align: right;\"><span style=\"color: red; font-family: &quot;helvetica neue&quot; , &quot;arial&quot; , &quot;helvetica&quot; , sans-serif;\">AxT: Aprenentatge per tasques.<\/span><\/div>\n<div style=\"text-align: right;\"><span style=\"color: red; font-family: &quot;helvetica neue&quot; , &quot;arial&quot; , &quot;helvetica&quot; , sans-serif;\"><br \/><\/span><\/div>\n<div>\n<div style=\"text-align: justify;\"><span style=\"color: blue; font-family: &quot;helvetica neue&quot; , &quot;arial&quot; , &quot;helvetica&quot; , sans-serif;\">Avui els alumnes de 5\u00e8 hem anat a visitar les restes d&#8217;un poblat prehist\u00f2ric \/ \u00edber que hi ha al Serrat de cal Not i el dolmen del Paborde que hi ha a la Molina.<\/span><\/div>\n<\/div>\n<div>\n<div style=\"text-align: justify;\"><span style=\"color: blue; font-family: &quot;helvetica neue&quot; , &quot;arial&quot; , &quot;helvetica&quot; , sans-serif;\">Ens han acompanyat el Ra\u00fcl Cavaller i la Cristina que s\u00f3n el pare i l&#8217;\u00e0via de la Irene de la nostra classe.<\/span><\/div>\n<\/div>\n<div style=\"clear: both; text-align: center;\"><a href=\"https:\/\/1.bp.blogspot.com\/-e2avuQcy0jY\/WAY_o-01VcI\/AAAAAAAAE-E\/Dgx2rC0mtPQcCcKGAq1WHcqr54Z-4OevwCLcB\/s1600\/IMG_20161018_095249.jpg\" style=\"margin-left: 1em; margin-right: 1em;\"><img loading=\"lazy\" decoding=\"async\" border=\"0\" height=\"240\" src=\"https:\/\/1.bp.blogspot.com\/-e2avuQcy0jY\/WAY_o-01VcI\/AAAAAAAAE-E\/Dgx2rC0mtPQcCcKGAq1WHcqr54Z-4OevwCLcB\/s320\/IMG_20161018_095249.jpg\" width=\"320\" \/><\/a><\/div>\n<div style=\"text-align: justify;\">&nbsp;<span style=\"color: blue; font-family: &quot;helvetica neue&quot; , &quot;arial&quot; , &quot;helvetica&quot; , sans-serif;\">El Ra\u00fcl ens ha explicat que el seu avi treballava en aquestes muntanyes i li agradava molt trobar restes antigues com pedres, cer\u00e0mica,&#8230; es va aficionar tant que llegia molt d&#8217;aquest tema i sovint sortia a la muntanya a buscar coses. Va ser ell qui va descobrir aquest poblat que avui ens han ensenyat. Un cop al Serrat de Cal Not hem parlat for\u00e7a estona de com devien viure en aquella \u00e8poca, perqu\u00e8 devien escollir aquell lloc,&#8230;<\/span><\/div>\n<div style=\"clear: both; text-align: center;\"><a href=\"https:\/\/4.bp.blogspot.com\/-ld9IOCYCm_o\/WAY_welcpdI\/AAAAAAAAE-I\/oaLwYMUHyjMGp40mL0FFjUKzouvmP203ACLcB\/s1600\/IMG_20161018_113708.jpg\" style=\"margin-left: 1em; margin-right: 1em;\"><img loading=\"lazy\" decoding=\"async\" border=\"0\" height=\"240\" src=\"https:\/\/4.bp.blogspot.com\/-ld9IOCYCm_o\/WAY_welcpdI\/AAAAAAAAE-I\/oaLwYMUHyjMGp40mL0FFjUKzouvmP203ACLcB\/s320\/IMG_20161018_113708.jpg\" width=\"320\" \/><\/a><\/div>\n<p><\/p>\n<div style=\"clear: both; text-align: center;\"><\/div>\n<div style=\"text-align: justify;\">&nbsp;<span style=\"color: blue; font-family: &quot;helvetica neue&quot; , &quot;arial&quot; , &quot;helvetica&quot; , sans-serif;\">A m\u00e9s de tot aix\u00f2 el Ra\u00fcl i la Cristina han portat material com pedres treballades de diferents tipus, una mola que havien trobat aqu\u00ed mateix, s\u00edlex treballat, &#8230; i ens han preparat un munt de tallers que hem hagut de fer en parelles all\u00e0 mateix! ha estat tot molt interessant: cada taller estava explicat en unes cartolines i ens hem hagut d&#8217;espavilar a fer-los amb eines rudiment\u00e0ries i amb la informaci\u00f3 que ten\u00edem i el que estem treballant al projecte AxT de la Prehist\u00f2ria.<\/span><\/div>\n<div style=\"clear: both; text-align: justify;\"><a href=\"https:\/\/2.bp.blogspot.com\/-atPEm39JsPk\/WAZAFn-WddI\/AAAAAAAAE-c\/VsWFNgxrKZ4y4vS3cV1srJ6RxbmRJ1TzACLcB\/s1600\/IMG_20161018_102652.jpg\" style=\"margin-left: 1em; margin-right: 1em;\"><img loading=\"lazy\" decoding=\"async\" border=\"0\" height=\"240\" src=\"https:\/\/2.bp.blogspot.com\/-atPEm39JsPk\/WAZAFn-WddI\/AAAAAAAAE-c\/VsWFNgxrKZ4y4vS3cV1srJ6RxbmRJ1TzACLcB\/s320\/IMG_20161018_102652.jpg\" width=\"320\" \/><\/a><\/div>\n<div style=\"text-align: justify;\"><span style=\"color: blue; font-family: &quot;helvetica neue&quot; , &quot;arial&quot; , &quot;helvetica&quot; , sans-serif;\"><br \/><\/span><\/div>\n<div style=\"text-align: justify;\"><\/div>\n<div style=\"text-align: justify;\"><\/div>\n<div style=\"text-align: right;\"><a href=\"https:\/\/1.bp.blogspot.com\/-3XpqqhUuqbY\/WAZAAb3y2nI\/AAAAAAAAE-Y\/WboUljruw-oyH2pKtK4AaKk_qLoRGMKfACLcB\/s1600\/IMG_20161018_112310.jpg\" style=\"margin-left: 1em; margin-right: 1em; text-align: center;\"><img loading=\"lazy\" decoding=\"async\" border=\"0\" height=\"300\" src=\"https:\/\/1.bp.blogspot.com\/-3XpqqhUuqbY\/WAZAAb3y2nI\/AAAAAAAAE-Y\/WboUljruw-oyH2pKtK4AaKk_qLoRGMKfACLcB\/s400\/IMG_20161018_112310.jpg\" width=\"400\" \/><\/a><\/div>\n<div>\n<div style=\"text-align: justify;\"><span style=\"color: blue; font-family: &quot;helvetica neue&quot; , &quot;arial&quot; , &quot;helvetica&quot; , sans-serif;\">Despr\u00e9s hem baixat per una part del tur\u00f3 on encara ara hi ha restes de cer\u00e0mica d&#8217;aquella \u00e8poca; alguns hem trobat restes i tot!!!<\/span><\/div>\n<\/div>\n<div><a href=\"https:\/\/3.bp.blogspot.com\/-8QEuirqzuyw\/WAY_0NdSK8I\/AAAAAAAAE-M\/9BmpEmNdboQwxFiooC3IXr6FmL41h5oBwCLcB\/s1600\/IMG_20161018_121141.jpg\" style=\"margin-left: 1em; margin-right: 1em; text-align: center;\"><img loading=\"lazy\" decoding=\"async\" border=\"0\" height=\"240\" src=\"https:\/\/3.bp.blogspot.com\/-8QEuirqzuyw\/WAY_0NdSK8I\/AAAAAAAAE-M\/9BmpEmNdboQwxFiooC3IXr6FmL41h5oBwCLcB\/s320\/IMG_20161018_121141.jpg\" width=\"320\" \/><\/a><\/div>\n<div>\n<div style=\"text-align: justify;\"><span style=\"color: blue; font-family: &quot;helvetica neue&quot; , &quot;arial&quot; , &quot;helvetica&quot; , sans-serif;\">Despr\u00e9s hem anat al dolmen del Paborde que est\u00e0 a la Molina. All\u00e0 hem parlat dels diferents vestigis prehist\u00f2rics que coneixem, hem comentat per a qu\u00e8 servien els d\u00f2lmens i tamb\u00e9 hem explicat com s&#8217;ho feien a la prehist\u00f2ria per construir-los.<\/span><\/div>\n<\/div>\n<div>\n<div style=\"text-align: justify;\"><\/div>\n<\/div>\n<div><a href=\"https:\/\/3.bp.blogspot.com\/-yuHM47f-HAg\/WAY_7rt9v9I\/AAAAAAAAE-U\/Hc56u84zaHsTvPw-TmWUNNSEmks_bWbjQCLcB\/s1600\/IMG_20161018_123914.jpg\" style=\"clear: left; float: left; margin-bottom: 1em; margin-right: 1em; text-align: center;\"><img loading=\"lazy\" decoding=\"async\" border=\"0\" height=\"240\" src=\"https:\/\/3.bp.blogspot.com\/-yuHM47f-HAg\/WAY_7rt9v9I\/AAAAAAAAE-U\/Hc56u84zaHsTvPw-TmWUNNSEmks_bWbjQCLcB\/s320\/IMG_20161018_123914.jpg\" width=\"320\" \/><\/a><\/p>\n<div style=\"margin-left: 1em; margin-right: 1em; text-align: right;\"><a href=\"https:\/\/1.bp.blogspot.com\/-GRcvaXy6Q1E\/WAY_3Tp62JI\/AAAAAAAAE-Q\/vxb3lLg5gOIqTEIZd1HgwDOsK6B9xJ4RgCLcB\/s1600\/IMG_20161018_123650.jpg\" style=\"margin-left: 1em; margin-right: 1em; text-align: center;\"><\/a><a href=\"https:\/\/1.bp.blogspot.com\/-GRcvaXy6Q1E\/WAY_3Tp62JI\/AAAAAAAAE-Q\/vxb3lLg5gOIqTEIZd1HgwDOsK6B9xJ4RgCLcB\/s1600\/IMG_20161018_123650.jpg\" style=\"margin-left: 1em; margin-right: 1em;\"><img loading=\"lazy\" decoding=\"async\" border=\"0\" height=\"240\" src=\"https:\/\/1.bp.blogspot.com\/-GRcvaXy6Q1E\/WAY_3Tp62JI\/AAAAAAAAE-Q\/vxb3lLg5gOIqTEIZd1HgwDOsK6B9xJ4RgCLcB\/s320\/IMG_20161018_123650.jpg\" width=\"320\" \/><\/a><\/div>\n<\/div>\n<div style=\"margin-left: 1em; margin-right: 1em; text-align: right;\"><\/div>\n<div style=\"margin-left: 1em; margin-right: 1em; text-align: right;\">\n<div style=\"text-align: justify;\"><span style=\"color: blue; font-family: &quot;helvetica neue&quot; , &quot;arial&quot; , &quot;helvetica&quot; , sans-serif; text-align: start;\">Ha estat una sortida molt xula! si voleu veure-ho tot cliqueu a l&#8217;enlla\u00e7:<\/span><\/div>\n<\/div>\n<div style=\"clear: both; text-align: center;\"><img loading=\"lazy\" decoding=\"async\" border=\"0\" height=\"240\" src=\"https:\/\/1.bp.blogspot.com\/-e2avuQcy0jY\/WAY_o-01VcI\/AAAAAAAAE-g\/99tJ38q1MXQj09fo1jnTX32krAPG146KwCEw\/s320\/IMG_20161018_095249.jpg\" width=\"320\" \/>&nbsp; &nbsp; &nbsp; &nbsp;&nbsp;<a href=\"https:\/\/goo.gl\/photos\/7CrKKvGYjAz2hPPg8\">imatges i v\u00eddeos<\/a><\/div>\n<div style=\"clear: both; text-align: center;\"><span style=\"color: purple; font-family: &quot;trebuchet ms&quot; , sans-serif; font-size: large;\">SI EN VOLEU SABER M\u00c9S NO US PODEU PERDRE LA FIRA DE LA PREHIST\u00d2RIA QUE FAREM &nbsp;EL DIA DE LA CASTANYADA A L&#8217;ESCOLA!<\/span><\/div>\n<div style=\"margin-left: 1em; margin-right: 1em; text-align: right;\"><span style=\"color: blue; font-family: &quot;helvetica neue&quot; , &quot;arial&quot; , &quot;helvetica&quot; , sans-serif; text-align: start;\"><br \/><\/span><\/div>\n<div><\/div>\n","protected":false},"excerpt":{"rendered":"<p>SORTIDA AL POBLAT DEL SERRAT DE CAL NOT&nbsp;<br \/>\nI AL DOLMEN DEL PABORDE<br \/>\nAxT: Aprenentatge per tasques.<\/p>\n<p>Avui els alumnes de 5\u00e8 hem anat a visitar les restes d&#8217;un poblat prehist\u00f2ric \/ \u00edber que hi ha al Serrat de cal Not i el dolmen del Paborde que hi&hellip;  <a href=\"https:\/\/agora.xtec.cat\/escolabacdecerdanya\/general\/1530\/\" title=\"Read \">Llegeix m\u00e9s\u00bb<\/a><\/p>\n","protected":false},"author":29,"featured_media":0,"comment_status":"open","ping_status":"closed","sticky":false,"template":"","format":"standard","meta":{"_bbp_topic_count":0,"_bbp_reply_count":0,"_bbp_total_topic_count":0,"_bbp_total_reply_count":0,"_bbp_voice_count":0,"_bbp_anonymous_reply_count":0,"_bbp_topic_count_hidden":0,"_bbp_reply_count_hidden":0,"_bbp_forum_subforum_count":0,"footnotes":""},"categories":[1],"tags":[],"class_list":["post-1530","post","type-post","status-publish","format-standard","hentry","category-general"],"post_mailing_queue_ids":[],"_links":{"self":[{"href":"https:\/\/agora.xtec.cat\/escolabacdecerdanya\/wp-json\/wp\/v2\/posts\/1530","targetHints":{"allow":["GET"]}}],"collection":[{"href":"https:\/\/agora.xtec.cat\/escolabacdecerdanya\/wp-json\/wp\/v2\/posts"}],"about":[{"href":"https:\/\/agora.xtec.cat\/escolabacdecerdanya\/wp-json\/wp\/v2\/types\/post"}],"author":[{"embeddable":true,"href":"https:\/\/agora.xtec.cat\/escolabacdecerdanya\/wp-json\/wp\/v2\/users\/29"}],"replies":[{"embeddable":true,"href":"https:\/\/agora.xtec.cat\/escolabacdecerdanya\/wp-json\/wp\/v2\/comments?post=1530"}],"version-history":[{"count":0,"href":"https:\/\/agora.xtec.cat\/escolabacdecerdanya\/wp-json\/wp\/v2\/posts\/1530\/revisions"}],"wp:attachment":[{"href":"https:\/\/agora.xtec.cat\/escolabacdecerdanya\/wp-json\/wp\/v2\/media?parent=1530"}],"wp:term":[{"taxonomy":"category","embeddable":true,"href":"https:\/\/agora.xtec.cat\/escolabacdecerdanya\/wp-json\/wp\/v2\/categories?post=1530"},{"taxonomy":"post_tag","embeddable":true,"href":"https:\/\/agora.xtec.cat\/escolabacdecerdanya\/wp-json\/wp\/v2\/tags?post=1530"}],"curies":[{"name":"wp","href":"https:\/\/api.w.org\/{rel}","templated":true}]}}