{"id":1516,"date":"2017-10-09T15:09:00","date_gmt":"2017-10-09T13:09:00","guid":{"rendered":"http:\/\/agora.xtec.cat\/escolabacdecerdanya\/general\/sortida-a-lestany-de-malniu\/"},"modified":"2019-09-09T23:14:25","modified_gmt":"2019-09-09T21:14:25","slug":"sortida-a-lestany-de-malniu","status":"publish","type":"post","link":"https:\/\/agora.xtec.cat\/escolabacdecerdanya\/cicle-superior\/sortida-a-lestany-de-malniu\/","title":{"rendered":"Sortida a l&#8217;Estany de Malniu"},"content":{"rendered":"<div style=\"clear: both; text-align: center;\"><\/div>\n<div style=\"clear: both; text-align: center;\"><\/div>\n<div style=\"clear: both; text-align: center;\"><span style=\"font-size: large;\">Sortida a l&#8217;estany de Malniu<\/span><\/div>\n<div style=\"clear: both; text-align: center;\"><\/div>\n<div style=\"clear: both; text-align: center;\"><\/div>\n<div style=\"text-align: justify;\"><span style=\"font-family: Arial, Helvetica, sans-serif;\"><span><\/span><a href=\"https:\/\/www.blogger.com\/\"><\/a><span><\/span>El dilluns 25 de setembre de 2017, el grup de cicle superior vam anar d&#8217;excursi\u00f3 a l&#8217;estany de Malniu. Ens va acompanyar una bi\u00f2loga, la N\u00faria que treballa en el projecte que es diu Limnopirineus, i que consisteix en la conservaci\u00f3 i recuperaci\u00f3 de medis aqu\u00e0tics d&#8217;alta muntanya.<\/span><\/div>\n<div style=\"text-align: justify;\"><span style=\"font-family: Arial, Helvetica, sans-serif;\">Vam comen\u00e7ar a caminar a l&#8217;estaci\u00f3 de Guils Fontanera, vam arribar al refugi de la Feixa, all\u00e0 hi ha una mollera molt interessant. Despr\u00e9s vam seguir caminant fins a l&#8217;estany de Malniu, all\u00e0 ens van explicar com a de ser un estany natural d&#8217;alta muntanya i qu\u00e8 passa quant hi introdu\u00efm esp\u00e8cies invasores com la truita de riu i el barb roig.<\/span><\/div>\n<div style=\"text-align: justify;\"><span style=\"font-family: Arial, Helvetica, sans-serif;\">De tornada vam baixar al refugi de Malniu all\u00ed vam dinar.<\/span><\/div>\n<div style=\"text-align: justify;\"><span style=\"font-family: Arial, Helvetica, sans-serif;\">Despr\u00e9s cap a Meranges, &#8220;vaja baixadeta!!!&#8221;&nbsp;&nbsp;<\/span><\/div>\n<div style=\"text-align: justify;\"><span style=\"font-family: Arial, Helvetica, sans-serif;\"><br \/><\/span><\/div>\n<div style=\"text-align: justify;\"><span style=\"font-family: Arial, Helvetica, sans-serif;\"><br \/><\/span><\/div>\n<div style=\"clear: both; text-align: center;\"><a href=\"https:\/\/photos.app.goo.gl\/SveHmBYOnXuANyVH2\"><img loading=\"lazy\" decoding=\"async\" border=\"0\" data-original-height=\"900\" data-original-width=\"1600\" height=\"180\" src=\"https:\/\/2.bp.blogspot.com\/-nNH9TiBfY-Q\/WdtKxnTHZmI\/AAAAAAAAFgc\/TzlgnjnnvEY5y2nmHQvN2Qm08Krg-ggwwCLcBGAs\/s320\/20170925_100715.jpg\" width=\"320\" \/><\/a><\/div>\n","protected":false},"excerpt":{"rendered":"<p>Sortida a l&#8217;estany de Malniu<\/p>\n<p><a href=\"https:\/\/www.blogger.com\/\"><\/a>El dilluns 25 de setembre de 2017, el grup de cicle superior vam anar d&#8217;excursi\u00f3 a l&#8217;estany de Malniu. Ens va acompanyar una bi\u00f2loga, la N\u00faria que treballa en el projecte que es diu Limnopirineus, i que consisteix en la&hellip;  <a href=\"https:\/\/agora.xtec.cat\/escolabacdecerdanya\/cicle-superior\/sortida-a-lestany-de-malniu\/\" title=\"Read Sortida a l&#8217;Estany de Malniu\">Llegeix m\u00e9s\u00bb<\/a><\/p>\n","protected":false},"author":29,"featured_media":0,"comment_status":"open","ping_status":"closed","sticky":false,"template":"","format":"standard","meta":{"_bbp_topic_count":0,"_bbp_reply_count":0,"_bbp_total_topic_count":0,"_bbp_total_reply_count":0,"_bbp_voice_count":0,"_bbp_anonymous_reply_count":0,"_bbp_topic_count_hidden":0,"_bbp_reply_count_hidden":0,"_bbp_forum_subforum_count":0,"footnotes":""},"categories":[76],"tags":[],"class_list":["post-1516","post","type-post","status-publish","format-standard","hentry","category-cicle-superior"],"post_mailing_queue_ids":[],"_links":{"self":[{"href":"https:\/\/agora.xtec.cat\/escolabacdecerdanya\/wp-json\/wp\/v2\/posts\/1516","targetHints":{"allow":["GET"]}}],"collection":[{"href":"https:\/\/agora.xtec.cat\/escolabacdecerdanya\/wp-json\/wp\/v2\/posts"}],"about":[{"href":"https:\/\/agora.xtec.cat\/escolabacdecerdanya\/wp-json\/wp\/v2\/types\/post"}],"author":[{"embeddable":true,"href":"https:\/\/agora.xtec.cat\/escolabacdecerdanya\/wp-json\/wp\/v2\/users\/29"}],"replies":[{"embeddable":true,"href":"https:\/\/agora.xtec.cat\/escolabacdecerdanya\/wp-json\/wp\/v2\/comments?post=1516"}],"version-history":[{"count":1,"href":"https:\/\/agora.xtec.cat\/escolabacdecerdanya\/wp-json\/wp\/v2\/posts\/1516\/revisions"}],"predecessor-version":[{"id":1594,"href":"https:\/\/agora.xtec.cat\/escolabacdecerdanya\/wp-json\/wp\/v2\/posts\/1516\/revisions\/1594"}],"wp:attachment":[{"href":"https:\/\/agora.xtec.cat\/escolabacdecerdanya\/wp-json\/wp\/v2\/media?parent=1516"}],"wp:term":[{"taxonomy":"category","embeddable":true,"href":"https:\/\/agora.xtec.cat\/escolabacdecerdanya\/wp-json\/wp\/v2\/categories?post=1516"},{"taxonomy":"post_tag","embeddable":true,"href":"https:\/\/agora.xtec.cat\/escolabacdecerdanya\/wp-json\/wp\/v2\/tags?post=1516"}],"curies":[{"name":"wp","href":"https:\/\/api.w.org\/{rel}","templated":true}]}}