{"id":1509,"date":"2018-06-05T13:58:00","date_gmt":"2018-06-05T11:58:00","guid":{"rendered":""},"modified":"2019-09-09T23:13:19","modified_gmt":"2019-09-09T21:13:19","slug":"1509","status":"publish","type":"post","link":"https:\/\/agora.xtec.cat\/escolabacdecerdanya\/cicle-superior\/1509\/","title":{"rendered":"Taller d&#8217;hist\u00f2ria antiga"},"content":{"rendered":"<div style=\"clear: both; text-align: center;\"><\/div>\n<div style=\"margin-left: 1em; margin-right: 1em; text-align: left;\"><\/div>\n<p><span style=\"font-family: Arial, Helvetica, sans-serif;\"><b>\u00a0<\/b><\/span><\/p>\n<div style=\"text-align: center;\"><u><span style=\"font-family: Arial, Helvetica, sans-serif;\"><b>Jornada de taller d&#8217;hist\u00f2ria antiga<\/b><\/span><\/u><\/div>\n<div style=\"text-align: center;\"><u>\u00a0<\/u><\/div>\n<div style=\"text-align: left;\">El passat 31 de maig, els alumnes de 5\u00e8 varem finalitzar el projecte de medi de la plataforma virtual Teide on hem estat treballant les cultures antigues que vivien en el Mediterrani. El projecte culminava amb una jornada de tallers d&#8217;hist\u00f2ria antiga on hi va participar tota l&#8217;escola i tamb\u00e9 les fam\u00edlies i amics que van poder venir.<\/div>\n<div style=\"text-align: left;\"><\/div>\n<div style=\"text-align: left;\">Gr\u00e0cies a tots perqu\u00e8 va ser tot un \u00e8xit!<\/div>\n<div style=\"text-align: left;\"><\/div>\n<div style=\"text-align: left;\">Aqu\u00ed us deixem algunes fotografies. (clickeu sobre la foto)<\/div>\n<div style=\"text-align: left;\"><\/div>\n<div style=\"text-align: left;\"><\/div>\n<div style=\"clear: both; text-align: center;\"><a href=\"https:\/\/photos.app.goo.gl\/ciFH8FAasdiKZWFb6\"><img loading=\"lazy\" decoding=\"async\" class=\"SzDcob \" style=\"transform: translate3d(0px, 0px, 0px) rotate(0deg);\" src=\"https:\/\/lh3.googleusercontent.com\/aueKjbG6Dm8Qx7UT63VUts5DXaox95XjiGPGpc2BVNsN7FhoGXJRR66VT2xu0s8aa9HIdro6quSwauu6mQ-E3LZdLjTS_LgVIlzFmhtrS258bfbzZ2t3tErmUtZJLCdtZXrCyvVQg4jgUZBfg0ByQdD9CtP5sW_MfKHy-fgspHNMFVWXQyxrTFbUd5WgFh-jsxLaDW-Q9bdAtA6gxNQcISUBYAcQpUPWaRZtWrevvyFckVFgPKKShBH8tRP-F_NH6s3nL4XikRORKqYzIyNU44FKEX1_AWEGM8rd_ykeLppoLF93wQn-x7xfeXkzSh6K0mI3ybjEZHsemdWIGOhYvEAYhPuK0D7uVvs3ZEmvAJkwEWGtc25b8hZmGWFBbvb8yKKLiX_eDZU2sXaAgMgOfGKyOgJV3NM7-pxpe-aQazMlh62BeF1Is4NZ3EilpYWcrAdMVDCyOmikCHPk5CrhVGs-4hf94qBT6TylpzZDiGulrepGV4tapXyHHgv4YU6UQ6wwPkowHBx24Ej_NjaU2k_A5YuP2KCVYtHlgFzFVICJ6wNqSuiED2Kvcw1U1oQqp4yzqA_KfJu6EgHoekxOMpIpe6KKtOXpG4zQTVVLCvRczCGS8Ds81dNOvyd8v3S08GAbiP0MMT5AEYlL2Pt_u9ZHxyC6gA3gzg=w1024-h576-no\" width=\"320\" height=\"179\" border=\"0\" aria-label=\"Foto: Horizontal, 31 may. 2018 15:58:30\" \/><\/a><\/div>\n<div style=\"text-align: left;\"><\/div>\n","protected":false},"excerpt":{"rendered":"<p>\u00a0<br \/>\nJornada de taller d&#8217;hist\u00f2ria antiga<br \/>\n\u00a0<br \/>\nEl passat 31 de maig, els alumnes de 5\u00e8 varem finalitzar el projecte de medi de la plataforma virtual Teide on hem estat treballant les cultures antigues que vivien en el Mediterrani. El projecte culminava amb una jornada de tallers d&#8217;hist\u00f2ria&hellip;  <a href=\"https:\/\/agora.xtec.cat\/escolabacdecerdanya\/cicle-superior\/1509\/\" title=\"Read Taller d&#8217;hist\u00f2ria antiga\">Llegeix m\u00e9s\u00bb<\/a><\/p>\n","protected":false},"author":29,"featured_media":0,"comment_status":"open","ping_status":"closed","sticky":false,"template":"","format":"standard","meta":{"_bbp_topic_count":0,"_bbp_reply_count":0,"_bbp_total_topic_count":0,"_bbp_total_reply_count":0,"_bbp_voice_count":0,"_bbp_anonymous_reply_count":0,"_bbp_topic_count_hidden":0,"_bbp_reply_count_hidden":0,"_bbp_forum_subforum_count":0,"footnotes":""},"categories":[76],"tags":[],"class_list":["post-1509","post","type-post","status-publish","format-standard","hentry","category-cicle-superior"],"post_mailing_queue_ids":[],"_links":{"self":[{"href":"https:\/\/agora.xtec.cat\/escolabacdecerdanya\/wp-json\/wp\/v2\/posts\/1509","targetHints":{"allow":["GET"]}}],"collection":[{"href":"https:\/\/agora.xtec.cat\/escolabacdecerdanya\/wp-json\/wp\/v2\/posts"}],"about":[{"href":"https:\/\/agora.xtec.cat\/escolabacdecerdanya\/wp-json\/wp\/v2\/types\/post"}],"author":[{"embeddable":true,"href":"https:\/\/agora.xtec.cat\/escolabacdecerdanya\/wp-json\/wp\/v2\/users\/29"}],"replies":[{"embeddable":true,"href":"https:\/\/agora.xtec.cat\/escolabacdecerdanya\/wp-json\/wp\/v2\/comments?post=1509"}],"version-history":[{"count":2,"href":"https:\/\/agora.xtec.cat\/escolabacdecerdanya\/wp-json\/wp\/v2\/posts\/1509\/revisions"}],"predecessor-version":[{"id":1768,"href":"https:\/\/agora.xtec.cat\/escolabacdecerdanya\/wp-json\/wp\/v2\/posts\/1509\/revisions\/1768"}],"wp:attachment":[{"href":"https:\/\/agora.xtec.cat\/escolabacdecerdanya\/wp-json\/wp\/v2\/media?parent=1509"}],"wp:term":[{"taxonomy":"category","embeddable":true,"href":"https:\/\/agora.xtec.cat\/escolabacdecerdanya\/wp-json\/wp\/v2\/categories?post=1509"},{"taxonomy":"post_tag","embeddable":true,"href":"https:\/\/agora.xtec.cat\/escolabacdecerdanya\/wp-json\/wp\/v2\/tags?post=1509"}],"curies":[{"name":"wp","href":"https:\/\/api.w.org\/{rel}","templated":true}]}}