{"id":1508,"date":"2018-06-08T10:54:00","date_gmt":"2018-06-08T08:54:00","guid":{"rendered":""},"modified":"2019-09-09T23:12:56","modified_gmt":"2019-09-09T21:12:56","slug":"entrega-de-premis-pilarin-bayes18","status":"publish","type":"post","link":"https:\/\/agora.xtec.cat\/escolabacdecerdanya\/cicle-superior\/entrega-de-premis-pilarin-bayes18\/","title":{"rendered":"ENTREGA DE PREMIS PILAR\u00cdN BAYES&#8217;18"},"content":{"rendered":"<p><\/p>\n<div style=\"clear: right; float: right; margin-bottom: 1em; margin-left: 1em;\"><\/div>\n<p><\/p>\n<div style=\"clear: both; text-align: center;\"><\/div>\n<div style=\"margin-left: 1em; margin-right: 1em;\"><\/div>\n<p>Dijous, 7 de juny&nbsp; els alumnes de 5\u00e8 v\u00e0rem a l&#8217;entrega dels premi Pilar\u00edn Bay\u00e9s que finalment es van realitzar a l&#8217;auditori de Cornell\u00e0 del Llobregat. A causa de la pluja i el mal temps els actes van quedar una mica alterats per\u00f2 no per aix\u00f2 ens ho vam passar m\u00e9s malament.<\/p>\n<p><a href=\"https:\/\/lh3.googleusercontent.com\/Y5np-vGcPs1yUgARvbEpPpSefG0jVarAq-k6piKMV_DiDDDSd475ViaYx4zB5U-0Z5ppXio8JaBPaCXSWP4svgNgVvIohtxHYt9nVSxRCiot6Kl8NBIIeV8zRqUzGrH6y0NSpexR8WS7WuyEKzzyiYdmf5GuHav_R-Rms75y8FBSm2__g64zvpPZkGI5zoMcMMvU13dQkm04I4ZLrhBqPoh18dRRO1yezexD49Vx6a0o8WexlwOI26UniwNGpIFtpFkJeJLH2iXO90XuQFZHxmX3feRZRHnNennI3u_tlehzFA0z_5cI30RbDjy_bdNxyiVPmj9IfDeiNo5P2_YDTYTUTKIvbPdDSktU8IwUdH9thWMGxXTcLXZmxPIZ6zbu2O21D_Tu0c5bDHfa9AsZufkaOvUl9xPZ_R4cGoMoiw3FMb_xSE2j6klUg5qA4ow7isbYuuG-qkJG4FaNU-SpOSXLjZb5MipIG93MGm5VLFPfkxNsXN4nNlSnJ68Nu6iom1vaYshvg5zGiLapwRlHn__pihO5xIB0lBan6p7gZqTqMi8ovAESYtxyuaDY6z9VKpyi2nupkpIKiUPHxHJAIjofoW-er4XktmCF7g21WoMUtI6EjjnFgFbAML_TgC2lnLQBW_X0PBaXWyf58myymjiT0KRl=w358-h635-no\" style=\"clear: right; float: right; margin-bottom: 1em; margin-left: 1em;\"><img loading=\"lazy\" decoding=\"async\" border=\"0\" height=\"320\" src=\"https:\/\/lh3.googleusercontent.com\/Y5np-vGcPs1yUgARvbEpPpSefG0jVarAq-k6piKMV_DiDDDSd475ViaYx4zB5U-0Z5ppXio8JaBPaCXSWP4svgNgVvIohtxHYt9nVSxRCiot6Kl8NBIIeV8zRqUzGrH6y0NSpexR8WS7WuyEKzzyiYdmf5GuHav_R-Rms75y8FBSm2__g64zvpPZkGI5zoMcMMvU13dQkm04I4ZLrhBqPoh18dRRO1yezexD49Vx6a0o8WexlwOI26UniwNGpIFtpFkJeJLH2iXO90XuQFZHxmX3feRZRHnNennI3u_tlehzFA0z_5cI30RbDjy_bdNxyiVPmj9IfDeiNo5P2_YDTYTUTKIvbPdDSktU8IwUdH9thWMGxXTcLXZmxPIZ6zbu2O21D_Tu0c5bDHfa9AsZufkaOvUl9xPZ_R4cGoMoiw3FMb_xSE2j6klUg5qA4ow7isbYuuG-qkJG4FaNU-SpOSXLjZb5MipIG93MGm5VLFPfkxNsXN4nNlSnJ68Nu6iom1vaYshvg5zGiLapwRlHn__pihO5xIB0lBan6p7gZqTqMi8ovAESYtxyuaDY6z9VKpyi2nupkpIKiUPHxHJAIjofoW-er4XktmCF7g21WoMUtI6EjjnFgFbAML_TgC2lnLQBW_X0PBaXWyf58myymjiT0KRl=w358-h635-no\" width=\"179\" \/><\/a>Al arribar a Cornell\u00e0 v\u00e0rem esmorzar i seguidament vam poder entrar al recinte on vam fer un petit taller anomenat &#8220;El mur de les idees&#8221;. Cada nen, tenia una totxana de cartr\u00f3 on havia d&#8217;escriure alguna idea per canviar el m\u00f3n i seguidament decorar-la amb gomets i rotulador. Quan acab\u00e0vem les hav\u00edem d&#8217;apilar formant un mur.<\/p>\n<p>Despr\u00e9s va comen\u00e7ar l&#8217;entrega de premis pr\u00f2piament dita i ens van fer entrar en una sala d&#8217;actes molt gran on hi havien totes les escoles guanyadores.<\/p>\n<p>L&#8217;acte era presidit per les presentadores de l&#8217;Info K, i tamb\u00e9 compt\u00e0vem amb la participaci\u00f3 d&#8217;un cantant anomenat Roger Canals que anava animant la festa entre acte i acte amb la seva guitarra i can\u00e7ons. L\u00f2gicament, la Pilar\u00edn Bay\u00e9 tamb\u00e9 hi era present amb un dels seus barrets caracter\u00edstics.<\/p>\n<p>Poc a poc ens van anar cridant, escola per escola a recollir el premi. Per fi v\u00e0rem poder veure la il\u00b7lustraci\u00f3 que ens havia fet la Pilar\u00edn Bay\u00e9s pel nostre conte i ens vam fer una fotografia de grup amb ella. Tamb\u00e9 ens van donar a cadasc\u00fa un llibre amb el recull de contes guanyadors i un quadre amb la il\u00b7lustraci\u00f3 que ens va fer la Pilar\u00edn per penjar-la a l&#8217;escola.<br \/>Ens ho vam passar molt b\u00e9!<\/p>\n<p>(Cliqueu sobre la imatge per veure m\u00e9s fotografies)<\/p>\n<div style=\"clear: both; text-align: center;\"><\/div>\n<div style=\"clear: both; text-align: center;\"><a href=\"https:\/\/photos.app.goo.gl\/RdUS1TvmrouAVuhQ2\"><img loading=\"lazy\" decoding=\"async\" border=\"0\" height=\"207\" src=\"https:\/\/lh3.googleusercontent.com\/BE9eJhgPLSPRkQpByoXEOSPHemB-v5XKMlBeuCGTbt27pulgiU7jrc_j1RqVppTzPZywssNfAnH6vPDp-se8r8yAbtor1FC4_cGisflLRNnfR3rSDWCk37E0_sXJ_tBzKkUHskdouDfJQzYCL-7AajH1l0ycLaFZxdlCLYUtwdhNDrT7E_4bSQEeNkAkyIRoJN1iS1MW6tpIXjNtESXVP2hjHBIPZVHZVw5TBAExp_W5llWJQbv4qYRzc3zIf9m_gwIEOtkC8nfdTXfQNmIHvrDdwMaYrZWPyWlxDYdGkS26afNrhwSYLTWKsG1CrffYVXdilZ0E8CPLE7s4RvJ_N_Pvwf5BoeeUHJ5UTGTSE6zpSC3ir6M2NDP3ovWEUrGsnje5oDqUWT7zJnsPusJbP-bagjE-R7r_WUhX-X1di2IfdyTCqYZxmdd8F9P2AETgGkf8XhaAg50ehpjAWcwEJuegPiq13znwoCl9KNwDJfpnHicfAeVKbSDlX2LOydG3mq_bHWf4eR5qOc7_CMzg1rID3z2Z1wPHcPEmOLzVpFUUl4P0PeWGZ8XCWW8j1ge3I41hx2WwbvIucy2UN2qaF67nHhDAofZn4wZmejsICyk79Wq1jvPUmuzkDtnd2JDehBEO7w9ilPtPWkUS2gJy3simy-Pk=w979-h635-no\" width=\"320\" \/><\/a><\/div>\n<p><\/p>\n","protected":false},"excerpt":{"rendered":"<p>Dijous, 7 de juny&nbsp; els alumnes de 5\u00e8 v\u00e0rem a l&#8217;entrega dels premi Pilar\u00edn Bay\u00e9s que finalment es van realitzar a l&#8217;auditori de Cornell\u00e0 del Llobregat. A causa de la pluja i el mal temps els actes van quedar una mica alterats per\u00f2 no per&hellip;  <a href=\"https:\/\/agora.xtec.cat\/escolabacdecerdanya\/cicle-superior\/entrega-de-premis-pilarin-bayes18\/\" title=\"Read ENTREGA DE PREMIS PILAR\u00cdN BAYES&#8217;18\">Llegeix m\u00e9s\u00bb<\/a><\/p>\n","protected":false},"author":29,"featured_media":0,"comment_status":"open","ping_status":"closed","sticky":false,"template":"","format":"standard","meta":{"_bbp_topic_count":0,"_bbp_reply_count":0,"_bbp_total_topic_count":0,"_bbp_total_reply_count":0,"_bbp_voice_count":0,"_bbp_anonymous_reply_count":0,"_bbp_topic_count_hidden":0,"_bbp_reply_count_hidden":0,"_bbp_forum_subforum_count":0,"footnotes":""},"categories":[76],"tags":[],"class_list":["post-1508","post","type-post","status-publish","format-standard","hentry","category-cicle-superior"],"post_mailing_queue_ids":[],"_links":{"self":[{"href":"https:\/\/agora.xtec.cat\/escolabacdecerdanya\/wp-json\/wp\/v2\/posts\/1508","targetHints":{"allow":["GET"]}}],"collection":[{"href":"https:\/\/agora.xtec.cat\/escolabacdecerdanya\/wp-json\/wp\/v2\/posts"}],"about":[{"href":"https:\/\/agora.xtec.cat\/escolabacdecerdanya\/wp-json\/wp\/v2\/types\/post"}],"author":[{"embeddable":true,"href":"https:\/\/agora.xtec.cat\/escolabacdecerdanya\/wp-json\/wp\/v2\/users\/29"}],"replies":[{"embeddable":true,"href":"https:\/\/agora.xtec.cat\/escolabacdecerdanya\/wp-json\/wp\/v2\/comments?post=1508"}],"version-history":[{"count":1,"href":"https:\/\/agora.xtec.cat\/escolabacdecerdanya\/wp-json\/wp\/v2\/posts\/1508\/revisions"}],"predecessor-version":[{"id":1578,"href":"https:\/\/agora.xtec.cat\/escolabacdecerdanya\/wp-json\/wp\/v2\/posts\/1508\/revisions\/1578"}],"wp:attachment":[{"href":"https:\/\/agora.xtec.cat\/escolabacdecerdanya\/wp-json\/wp\/v2\/media?parent=1508"}],"wp:term":[{"taxonomy":"category","embeddable":true,"href":"https:\/\/agora.xtec.cat\/escolabacdecerdanya\/wp-json\/wp\/v2\/categories?post=1508"},{"taxonomy":"post_tag","embeddable":true,"href":"https:\/\/agora.xtec.cat\/escolabacdecerdanya\/wp-json\/wp\/v2\/tags?post=1508"}],"curies":[{"name":"wp","href":"https:\/\/api.w.org\/{rel}","templated":true}]}}