{"id":1498,"date":"2019-03-11T16:43:00","date_gmt":"2019-03-11T15:43:00","guid":{"rendered":""},"modified":"2019-09-09T23:11:23","modified_gmt":"2019-09-09T21:11:23","slug":"gustum","status":"publish","type":"post","link":"https:\/\/agora.xtec.cat\/escolabacdecerdanya\/cicle-superior\/gustum\/","title":{"rendered":"GUSTUM"},"content":{"rendered":"<p>Hola a tots i a totes!<\/p>\n<div><\/div>\n<div>Divendres passat, els i les alumnes de 5\u00e8 i 6\u00e8 vam anar a Bellver a fer l&#8217;activitat de GUSTUM. \u00c9s una c\u00fapula on ens van ensenyar v\u00eddeos dels productes de proximitat de la comarca.<\/p>\n<p>Aqu\u00ed us deixem les fotos de<a href=\"https:\/\/photos.app.goo.gl\/fDLBaq34tEQ89wtf9\" target=\"_blank\" rel=\"noopener noreferrer\"> l&#8217;activitat<\/a>.<\/div>\n<div><\/div>\n<div><\/div>\n","protected":false},"excerpt":{"rendered":"<p>Hola a tots i a totes!<\/p>\n<p>Divendres passat, els i les alumnes de 5\u00e8 i 6\u00e8 vam anar a Bellver a fer l&#8217;activitat de GUSTUM. \u00c9s una c\u00fapula on ens van ensenyar v\u00eddeos dels productes de proximitat de la comarca.<br \/>\nAqu\u00ed us deixem les fotos de<a href=\"https:\/\/photos.app.goo.gl\/fDLBaq34tEQ89wtf9\"&hellip;  <a href=\"https:\/\/agora.xtec.cat\/escolabacdecerdanya\/cicle-superior\/gustum\/\" title=\"Read GUSTUM\">Llegeix m\u00e9s\u00bb<\/a><\/p>\n","protected":false},"author":29,"featured_media":0,"comment_status":"open","ping_status":"closed","sticky":false,"template":"","format":"standard","meta":{"_bbp_topic_count":0,"_bbp_reply_count":0,"_bbp_total_topic_count":0,"_bbp_total_reply_count":0,"_bbp_voice_count":0,"_bbp_anonymous_reply_count":0,"_bbp_topic_count_hidden":0,"_bbp_reply_count_hidden":0,"_bbp_forum_subforum_count":0,"footnotes":""},"categories":[76],"tags":[],"class_list":["post-1498","post","type-post","status-publish","format-standard","hentry","category-cicle-superior"],"post_mailing_queue_ids":[],"_links":{"self":[{"href":"https:\/\/agora.xtec.cat\/escolabacdecerdanya\/wp-json\/wp\/v2\/posts\/1498","targetHints":{"allow":["GET"]}}],"collection":[{"href":"https:\/\/agora.xtec.cat\/escolabacdecerdanya\/wp-json\/wp\/v2\/posts"}],"about":[{"href":"https:\/\/agora.xtec.cat\/escolabacdecerdanya\/wp-json\/wp\/v2\/types\/post"}],"author":[{"embeddable":true,"href":"https:\/\/agora.xtec.cat\/escolabacdecerdanya\/wp-json\/wp\/v2\/users\/29"}],"replies":[{"embeddable":true,"href":"https:\/\/agora.xtec.cat\/escolabacdecerdanya\/wp-json\/wp\/v2\/comments?post=1498"}],"version-history":[{"count":1,"href":"https:\/\/agora.xtec.cat\/escolabacdecerdanya\/wp-json\/wp\/v2\/posts\/1498\/revisions"}],"predecessor-version":[{"id":1558,"href":"https:\/\/agora.xtec.cat\/escolabacdecerdanya\/wp-json\/wp\/v2\/posts\/1498\/revisions\/1558"}],"wp:attachment":[{"href":"https:\/\/agora.xtec.cat\/escolabacdecerdanya\/wp-json\/wp\/v2\/media?parent=1498"}],"wp:term":[{"taxonomy":"category","embeddable":true,"href":"https:\/\/agora.xtec.cat\/escolabacdecerdanya\/wp-json\/wp\/v2\/categories?post=1498"},{"taxonomy":"post_tag","embeddable":true,"href":"https:\/\/agora.xtec.cat\/escolabacdecerdanya\/wp-json\/wp\/v2\/tags?post=1498"}],"curies":[{"name":"wp","href":"https:\/\/api.w.org\/{rel}","templated":true}]}}