{"id":1496,"date":"2019-03-11T17:11:00","date_gmt":"2019-03-11T16:11:00","guid":{"rendered":""},"modified":"2019-09-09T23:11:09","modified_gmt":"2019-09-09T21:11:09","slug":"entrevistes","status":"publish","type":"post","link":"https:\/\/agora.xtec.cat\/escolabacdecerdanya\/cicle-superior\/entrevistes\/","title":{"rendered":"ENTREVISTES"},"content":{"rendered":"<p>Bona tarda!!<\/p>\n<p>Els nens i nenes de 5\u00e8 hem entrevistat a membres de la nostra fam\u00edlia, amics, coneguts,.. que han hagut d&#8217;immigrar del seu pa\u00eds en algun moment de la seva vida i ens han explicat la seva experi\u00e8ncia.<\/p>\n<p>Aqu\u00ed teniu les entrevistes de tots els nens i nenes.<\/p>\n<p>&nbsp;<a href=\"https:\/\/youtu.be\/6c2ydDD9p8w\" target=\"_blank\" rel=\"noopener noreferrer\">PAULA&nbsp;<\/a> &nbsp; &nbsp; &nbsp; <a href=\"https:\/\/youtu.be\/da4vY0x1BYU\" target=\"_blank\" rel=\"noopener noreferrer\">MARIA<\/a>&nbsp; &nbsp; &nbsp; &nbsp; <a href=\"https:\/\/youtu.be\/XSEblGLVg8A\" target=\"_blank\" rel=\"noopener noreferrer\">HANS&nbsp;<\/a> &nbsp; &nbsp; &nbsp;<a href=\"https:\/\/youtu.be\/NCLRPv_iw1s\" target=\"_blank\" rel=\"noopener noreferrer\">GIL<\/a>&nbsp; &nbsp; &nbsp; &nbsp;<a href=\"https:\/\/youtu.be\/pzStBmlmgdE\" target=\"_blank\" rel=\"noopener noreferrer\"> JOFRE<\/a>&nbsp; &nbsp; &nbsp; &nbsp;<a href=\"https:\/\/youtu.be\/Yy_oj3iNekw\" target=\"_blank\" rel=\"noopener noreferrer\">J\u00daLIA&nbsp;<\/a> &nbsp; &nbsp; &nbsp;<a href=\"https:\/\/youtu.be\/Q208n3VtGnw\" target=\"_blank\" rel=\"noopener noreferrer\">MERI<\/a>&nbsp; &nbsp; &nbsp;<a href=\"https:\/\/youtu.be\/3BNH1Bof8B0\" target=\"_blank\" rel=\"noopener noreferrer\">QUERALT&nbsp;<\/a> <\/p>\n<p><a href=\"https:\/\/youtu.be\/0G-fm7E-oes\" target=\"_blank\" rel=\"noopener noreferrer\">IRENE<\/a>&nbsp; &nbsp; &nbsp; &nbsp; <a href=\"https:\/\/youtu.be\/82KCN8tl4lk\" target=\"_blank\" rel=\"noopener noreferrer\">SHARON<\/a>&nbsp; &nbsp; &nbsp; &nbsp;<a href=\"https:\/\/youtu.be\/QvJyQsccHLU\" target=\"_blank\" rel=\"noopener noreferrer\">SOUHAILA<\/a><\/p>\n<p>&nbsp; &nbsp;<\/p>\n","protected":false},"excerpt":{"rendered":"<p>Bona tarda!!<br \/>\nEls nens i nenes de 5\u00e8 hem entrevistat a membres de la nostra fam\u00edlia, amics, coneguts,.. que han hagut d&#8217;immigrar del seu pa\u00eds en algun moment de la seva vida i ens han explicat la seva experi\u00e8ncia.<br \/>\nAqu\u00ed teniu les entrevistes de tots els nens&hellip;  <a href=\"https:\/\/agora.xtec.cat\/escolabacdecerdanya\/cicle-superior\/entrevistes\/\" title=\"Read ENTREVISTES\">Llegeix m\u00e9s\u00bb<\/a><\/p>\n","protected":false},"author":29,"featured_media":0,"comment_status":"open","ping_status":"closed","sticky":false,"template":"","format":"standard","meta":{"_bbp_topic_count":0,"_bbp_reply_count":0,"_bbp_total_topic_count":0,"_bbp_total_reply_count":0,"_bbp_voice_count":0,"_bbp_anonymous_reply_count":0,"_bbp_topic_count_hidden":0,"_bbp_reply_count_hidden":0,"_bbp_forum_subforum_count":0,"footnotes":""},"categories":[76],"tags":[],"class_list":["post-1496","post","type-post","status-publish","format-standard","hentry","category-cicle-superior"],"post_mailing_queue_ids":[],"_links":{"self":[{"href":"https:\/\/agora.xtec.cat\/escolabacdecerdanya\/wp-json\/wp\/v2\/posts\/1496","targetHints":{"allow":["GET"]}}],"collection":[{"href":"https:\/\/agora.xtec.cat\/escolabacdecerdanya\/wp-json\/wp\/v2\/posts"}],"about":[{"href":"https:\/\/agora.xtec.cat\/escolabacdecerdanya\/wp-json\/wp\/v2\/types\/post"}],"author":[{"embeddable":true,"href":"https:\/\/agora.xtec.cat\/escolabacdecerdanya\/wp-json\/wp\/v2\/users\/29"}],"replies":[{"embeddable":true,"href":"https:\/\/agora.xtec.cat\/escolabacdecerdanya\/wp-json\/wp\/v2\/comments?post=1496"}],"version-history":[{"count":1,"href":"https:\/\/agora.xtec.cat\/escolabacdecerdanya\/wp-json\/wp\/v2\/posts\/1496\/revisions"}],"predecessor-version":[{"id":1550,"href":"https:\/\/agora.xtec.cat\/escolabacdecerdanya\/wp-json\/wp\/v2\/posts\/1496\/revisions\/1550"}],"wp:attachment":[{"href":"https:\/\/agora.xtec.cat\/escolabacdecerdanya\/wp-json\/wp\/v2\/media?parent=1496"}],"wp:term":[{"taxonomy":"category","embeddable":true,"href":"https:\/\/agora.xtec.cat\/escolabacdecerdanya\/wp-json\/wp\/v2\/categories?post=1496"},{"taxonomy":"post_tag","embeddable":true,"href":"https:\/\/agora.xtec.cat\/escolabacdecerdanya\/wp-json\/wp\/v2\/tags?post=1496"}],"curies":[{"name":"wp","href":"https:\/\/api.w.org\/{rel}","templated":true}]}}