{"id":1495,"date":"2019-04-10T16:10:00","date_gmt":"2019-04-10T14:10:00","guid":{"rendered":""},"modified":"2019-09-09T23:11:02","modified_gmt":"2019-09-09T21:11:02","slug":"exposicions-orals-de-la-nostra-historia-personal","status":"publish","type":"post","link":"https:\/\/agora.xtec.cat\/escolabacdecerdanya\/cicle-superior\/exposicions-orals-de-la-nostra-historia-personal\/","title":{"rendered":"EXPOSICIONS ORALS DE LA NOSTRA HIST\u00d2RIA PERSONAL"},"content":{"rendered":"<p>Bona tarda a tothom!!<\/p>\n<p>Avui hem fet les exposicions orals dels treballs que hem fet.<\/p>\n<p>Cadasc\u00fa de nosaltres hem preparat un mural amb la nostra hist\u00f2ria personal. Hem explicat quan \u00e8rem petits, qu\u00e8 ens agrada fer,..<\/p>\n<p>Cliqueu <a href=\"https:\/\/photos.app.goo.gl\/tSgxbVpTmuigrnSn7\" target=\"_blank\" rel=\"noopener noreferrer\">AQU\u00cd<\/a> per veure les fotos.<\/p>\n","protected":false},"excerpt":{"rendered":"<p>Bona tarda a tothom!!<br \/>\nAvui hem fet les exposicions orals dels treballs que hem fet.<br \/>\nCadasc\u00fa de nosaltres hem preparat un mural amb la nostra hist\u00f2ria personal. Hem explicat quan \u00e8rem petits, qu\u00e8 ens agrada fer,..<br \/>\nCliqueu <a href=\"https:\/\/photos.app.goo.gl\/tSgxbVpTmuigrnSn7\" target=\"_blank\" rel=\"noopener noreferrer\">AQU\u00cd<\/a> per veure les fotos.<\/p>\n","protected":false},"author":29,"featured_media":0,"comment_status":"open","ping_status":"closed","sticky":false,"template":"","format":"standard","meta":{"_bbp_topic_count":0,"_bbp_reply_count":0,"_bbp_total_topic_count":0,"_bbp_total_reply_count":0,"_bbp_voice_count":0,"_bbp_anonymous_reply_count":0,"_bbp_topic_count_hidden":0,"_bbp_reply_count_hidden":0,"_bbp_forum_subforum_count":0,"footnotes":""},"categories":[76],"tags":[],"class_list":["post-1495","post","type-post","status-publish","format-standard","hentry","category-cicle-superior"],"post_mailing_queue_ids":[],"_links":{"self":[{"href":"https:\/\/agora.xtec.cat\/escolabacdecerdanya\/wp-json\/wp\/v2\/posts\/1495","targetHints":{"allow":["GET"]}}],"collection":[{"href":"https:\/\/agora.xtec.cat\/escolabacdecerdanya\/wp-json\/wp\/v2\/posts"}],"about":[{"href":"https:\/\/agora.xtec.cat\/escolabacdecerdanya\/wp-json\/wp\/v2\/types\/post"}],"author":[{"embeddable":true,"href":"https:\/\/agora.xtec.cat\/escolabacdecerdanya\/wp-json\/wp\/v2\/users\/29"}],"replies":[{"embeddable":true,"href":"https:\/\/agora.xtec.cat\/escolabacdecerdanya\/wp-json\/wp\/v2\/comments?post=1495"}],"version-history":[{"count":1,"href":"https:\/\/agora.xtec.cat\/escolabacdecerdanya\/wp-json\/wp\/v2\/posts\/1495\/revisions"}],"predecessor-version":[{"id":1549,"href":"https:\/\/agora.xtec.cat\/escolabacdecerdanya\/wp-json\/wp\/v2\/posts\/1495\/revisions\/1549"}],"wp:attachment":[{"href":"https:\/\/agora.xtec.cat\/escolabacdecerdanya\/wp-json\/wp\/v2\/media?parent=1495"}],"wp:term":[{"taxonomy":"category","embeddable":true,"href":"https:\/\/agora.xtec.cat\/escolabacdecerdanya\/wp-json\/wp\/v2\/categories?post=1495"},{"taxonomy":"post_tag","embeddable":true,"href":"https:\/\/agora.xtec.cat\/escolabacdecerdanya\/wp-json\/wp\/v2\/tags?post=1495"}],"curies":[{"name":"wp","href":"https:\/\/api.w.org\/{rel}","templated":true}]}}