{"id":1383,"date":"2013-10-02T22:13:00","date_gmt":"2013-10-02T20:13:00","guid":{"rendered":"http:\/\/agora.xtec.cat\/escolabacdecerdanya\/general\/excursio-a-prat-de-cadi-2\/"},"modified":"2013-10-02T22:13:00","modified_gmt":"2013-10-02T20:13:00","slug":"excursio-a-prat-de-cadi-2","status":"publish","type":"post","link":"https:\/\/agora.xtec.cat\/escolabacdecerdanya\/general\/excursio-a-prat-de-cadi-2\/","title":{"rendered":"Excursi\u00f3 a Prat de Cad\u00ed"},"content":{"rendered":"<div style=\"text-align: justify;\"><span lang=\"CA\"><span style=\"font-family: Trebuchet MS, sans-serif;\">El passat dia 27 de setembre, la gent de cicle mitj\u00e0 vam anar d\u2019excursi\u00f3 a Prat de Cad\u00ed. Aqu\u00ed us deixem unes quantes imatges perqu\u00e8 prengueu consci\u00e8ncia de la duresa de la ruta!<\/span><\/span><\/div>\n<div style=\"text-align: justify;\"><span lang=\"CA\" style=\"font-size: 12pt;\"><span style=\"font-family: Trebuchet MS, sans-serif;\">El proper cop ens enfilem a dalt del Cad\u00ed \ud83d\ude09<\/span><\/span><\/div>\n<div style=\"text-align: justify;\"><span lang=\"CA\" style=\"font-size: 12pt;\"><span style=\"font-family: Trebuchet MS, sans-serif;\"><i><br \/><\/i><\/span><\/span><\/div>\n<div style=\"text-align: justify;\"><span lang=\"CA\" style=\"font-size: 12pt;\"><span style=\"font-family: Trebuchet MS, sans-serif;\"><i>Cliqueu la foto per veure la presentaci\u00f3!<\/i><\/span><\/span><\/div>\n<div style=\"clear: both; text-align: center;\"><a href=\"https:\/\/picasaweb.google.com\/101906780976352715900\/2DOctubreDe2013#slideshow\/5930252012789167266\"><img loading=\"lazy\" decoding=\"async\" border=\"0\" height=\"135\" src=\"http:\/\/2.bp.blogspot.com\/-wyeU4LZ6tZI\/UkyJ0NPeVII\/AAAAAAAAANE\/_EdfZ-UUNyU\/s200\/1.png\" width=\"200\" \/><\/a><\/div>\n<p><span lang=\"CA\" style=\"font-size: 12pt;\"><span style=\"font-family: Trebuchet MS, sans-serif;\"><br \/><\/span><\/span><\/p>\n","protected":false},"excerpt":{"rendered":"<p>El passat dia 27 de setembre, la gent de cicle mitj\u00e0 vam anar d\u2019excursi\u00f3 a Prat de Cad\u00ed. Aqu\u00ed us deixem unes quantes imatges perqu\u00e8 prengueu consci\u00e8ncia de la duresa de la ruta!<br \/>\nEl proper cop ens enfilem a dalt del Cad\u00ed \ud83d\ude09<\/p>\n<p>Cliqueu la foto per&hellip;  <a href=\"https:\/\/agora.xtec.cat\/escolabacdecerdanya\/general\/excursio-a-prat-de-cadi-2\/\" title=\"Read Excursi\u00f3 a Prat de Cad\u00ed\">Llegeix m\u00e9s\u00bb<\/a><\/p>\n","protected":false},"author":21,"featured_media":0,"comment_status":"open","ping_status":"closed","sticky":false,"template":"","format":"standard","meta":{"_bbp_topic_count":0,"_bbp_reply_count":0,"_bbp_total_topic_count":0,"_bbp_total_reply_count":0,"_bbp_voice_count":0,"_bbp_anonymous_reply_count":0,"_bbp_topic_count_hidden":0,"_bbp_reply_count_hidden":0,"_bbp_forum_subforum_count":0,"footnotes":""},"categories":[1],"tags":[],"class_list":["post-1383","post","type-post","status-publish","format-standard","hentry","category-general"],"post_mailing_queue_ids":[],"_links":{"self":[{"href":"https:\/\/agora.xtec.cat\/escolabacdecerdanya\/wp-json\/wp\/v2\/posts\/1383","targetHints":{"allow":["GET"]}}],"collection":[{"href":"https:\/\/agora.xtec.cat\/escolabacdecerdanya\/wp-json\/wp\/v2\/posts"}],"about":[{"href":"https:\/\/agora.xtec.cat\/escolabacdecerdanya\/wp-json\/wp\/v2\/types\/post"}],"author":[{"embeddable":true,"href":"https:\/\/agora.xtec.cat\/escolabacdecerdanya\/wp-json\/wp\/v2\/users\/21"}],"replies":[{"embeddable":true,"href":"https:\/\/agora.xtec.cat\/escolabacdecerdanya\/wp-json\/wp\/v2\/comments?post=1383"}],"version-history":[{"count":0,"href":"https:\/\/agora.xtec.cat\/escolabacdecerdanya\/wp-json\/wp\/v2\/posts\/1383\/revisions"}],"wp:attachment":[{"href":"https:\/\/agora.xtec.cat\/escolabacdecerdanya\/wp-json\/wp\/v2\/media?parent=1383"}],"wp:term":[{"taxonomy":"category","embeddable":true,"href":"https:\/\/agora.xtec.cat\/escolabacdecerdanya\/wp-json\/wp\/v2\/categories?post=1383"},{"taxonomy":"post_tag","embeddable":true,"href":"https:\/\/agora.xtec.cat\/escolabacdecerdanya\/wp-json\/wp\/v2\/tags?post=1383"}],"curies":[{"name":"wp","href":"https:\/\/api.w.org\/{rel}","templated":true}]}}