{"id":1380,"date":"2013-10-20T22:04:00","date_gmt":"2013-10-20T20:04:00","guid":{"rendered":"http:\/\/agora.xtec.cat\/escolabacdecerdanya\/general\/festa-de-larbre\/"},"modified":"2013-10-20T22:04:00","modified_gmt":"2013-10-20T20:04:00","slug":"festa-de-larbre","status":"publish","type":"post","link":"https:\/\/agora.xtec.cat\/escolabacdecerdanya\/general\/festa-de-larbre\/","title":{"rendered":"Festa de l&#8217;arbre"},"content":{"rendered":"<div style=\"text-align: justify;\"><span style=\"font-family: Trebuchet MS, sans-serif;\">El passat dijous, vam assistir a la XII Festa de l\u2019arbre. Vam sortir de la localitat de Ger en direcci\u00f3 a All. Va ser una caminada for\u00e7a entretinguda, doncs al llarg del trajecte an\u00e0vem realitzant activitats relacionades amb la natura.<\/span><\/div>\n<div style=\"text-align: justify;\"><span style=\"font-family: Trebuchet MS, sans-serif;\"><br \/><\/span><\/div>\n<div style=\"text-align: justify;\"><a href=\"http:\/\/2.bp.blogspot.com\/-NBx1ugenYe8\/UmQ1XsRqJsI\/AAAAAAAAAPA\/xPoVDDWf8Cg\/s1600\/DSC_0349.jpg\" style=\"clear: right; float: right; margin-bottom: 1em; margin-left: 1em;\"><img loading=\"lazy\" decoding=\"async\" border=\"0\" height=\"150\" src=\"http:\/\/2.bp.blogspot.com\/-NBx1ugenYe8\/UmQ1XsRqJsI\/AAAAAAAAAPA\/xPoVDDWf8Cg\/s200\/DSC_0349.jpg\" width=\"200\" \/><\/a><a href=\"http:\/\/2.bp.blogspot.com\/-FdDMTT_gIp0\/UmQ1RaovRBI\/AAAAAAAAAO4\/3U4odeYuUR0\/s1600\/DSC_0343.jpg\" style=\"clear: left; float: left; margin-bottom: 1em; margin-right: 1em;\"><img loading=\"lazy\" decoding=\"async\" border=\"0\" height=\"150\" src=\"http:\/\/2.bp.blogspot.com\/-FdDMTT_gIp0\/UmQ1RaovRBI\/AAAAAAAAAO4\/3U4odeYuUR0\/s200\/DSC_0343.jpg\" width=\"200\" \/><\/a><\/div>\n<div style=\"text-align: justify;\"><span style=\"font-family: 'Trebuchet MS', sans-serif;\"><br \/><\/span><\/div>\n<div style=\"text-align: justify;\"><span style=\"font-family: 'Trebuchet MS', sans-serif;\"><br \/><\/span><\/div>\n<div style=\"text-align: justify;\"><span style=\"font-family: 'Trebuchet MS', sans-serif;\"><br \/><\/span><\/div>\n<div style=\"text-align: justify;\"><span style=\"font-family: 'Trebuchet MS', sans-serif;\"><br \/><\/span><\/div>\n<div style=\"text-align: justify;\"><span style=\"font-family: 'Trebuchet MS', sans-serif;\">La m\u00e9s esperada era la plantada d\u2019arbres!&nbsp;<\/span><\/div>\n<div style=\"text-align: justify;\"><\/div>\n<div style=\"text-align: justify;\"><span style=\"font-family: Trebuchet MS, sans-serif;\"><br \/><\/span><\/div>\n<div style=\"text-align: justify;\"><span style=\"font-family: Trebuchet MS, sans-serif;\">Vam con\u00e8ixer nens d\u2019altres escoles ceretanes, fins i tot de la banda francesa!<\/span><\/div>\n<div style=\"text-align: justify;\"><span style=\"font-family: Trebuchet MS, sans-serif;\"><br \/><\/span><\/div>\n<div style=\"text-align: justify;\"><a href=\"http:\/\/1.bp.blogspot.com\/-AE61geNppcY\/UmQ1mcCv_mI\/AAAAAAAAAPQ\/0a3sZrCWiIU\/s1600\/DSC_0367.jpg\" style=\"clear: right; float: right; margin-bottom: 1em; margin-left: 1em;\"><img loading=\"lazy\" decoding=\"async\" border=\"0\" height=\"150\" src=\"http:\/\/1.bp.blogspot.com\/-AE61geNppcY\/UmQ1mcCv_mI\/AAAAAAAAAPQ\/0a3sZrCWiIU\/s200\/DSC_0367.jpg\" width=\"200\" \/><\/a><a href=\"http:\/\/3.bp.blogspot.com\/-dApsg5d4Ldo\/UmQ1k70kXxI\/AAAAAAAAAPI\/NYCaTHEnDUA\/s1600\/DSC_0362.jpg\" style=\"clear: left; display: inline !important; margin-bottom: 1em; margin-right: 1em; text-align: center;\"><img loading=\"lazy\" decoding=\"async\" border=\"0\" height=\"150\" src=\"http:\/\/3.bp.blogspot.com\/-dApsg5d4Ldo\/UmQ1k70kXxI\/AAAAAAAAAPI\/NYCaTHEnDUA\/s200\/DSC_0362.jpg\" width=\"200\" \/><\/a><\/div>\n<div style=\"clear: both; text-align: center;\"><\/div>\n<div><\/div>\n","protected":false},"excerpt":{"rendered":"<p>El passat dijous, vam assistir a la XII Festa de l\u2019arbre. Vam sortir de la localitat de Ger en direcci\u00f3 a All. Va ser una caminada for\u00e7a entretinguda, doncs al llarg del trajecte an\u00e0vem realitzant activitats relacionades amb la natura.<\/p>\n<p><a href=\"http:\/\/2.bp.blogspot.com\/-NBx1ugenYe8\/UmQ1XsRqJsI\/AAAAAAAAAPA\/xPoVDDWf8Cg\/s1600\/DSC_0349.jpg\" style=\"clear: right; float: right;&hellip;  <a href=\"https:\/\/agora.xtec.cat\/escolabacdecerdanya\/general\/festa-de-larbre\/\" title=\"Read Festa de l&#8217;arbre\">Llegeix m\u00e9s\u00bb<\/a><\/p>\n","protected":false},"author":21,"featured_media":0,"comment_status":"open","ping_status":"closed","sticky":false,"template":"","format":"standard","meta":{"_bbp_topic_count":0,"_bbp_reply_count":0,"_bbp_total_topic_count":0,"_bbp_total_reply_count":0,"_bbp_voice_count":0,"_bbp_anonymous_reply_count":0,"_bbp_topic_count_hidden":0,"_bbp_reply_count_hidden":0,"_bbp_forum_subforum_count":0,"footnotes":""},"categories":[1],"tags":[],"class_list":["post-1380","post","type-post","status-publish","format-standard","hentry","category-general"],"post_mailing_queue_ids":[],"_links":{"self":[{"href":"https:\/\/agora.xtec.cat\/escolabacdecerdanya\/wp-json\/wp\/v2\/posts\/1380","targetHints":{"allow":["GET"]}}],"collection":[{"href":"https:\/\/agora.xtec.cat\/escolabacdecerdanya\/wp-json\/wp\/v2\/posts"}],"about":[{"href":"https:\/\/agora.xtec.cat\/escolabacdecerdanya\/wp-json\/wp\/v2\/types\/post"}],"author":[{"embeddable":true,"href":"https:\/\/agora.xtec.cat\/escolabacdecerdanya\/wp-json\/wp\/v2\/users\/21"}],"replies":[{"embeddable":true,"href":"https:\/\/agora.xtec.cat\/escolabacdecerdanya\/wp-json\/wp\/v2\/comments?post=1380"}],"version-history":[{"count":0,"href":"https:\/\/agora.xtec.cat\/escolabacdecerdanya\/wp-json\/wp\/v2\/posts\/1380\/revisions"}],"wp:attachment":[{"href":"https:\/\/agora.xtec.cat\/escolabacdecerdanya\/wp-json\/wp\/v2\/media?parent=1380"}],"wp:term":[{"taxonomy":"category","embeddable":true,"href":"https:\/\/agora.xtec.cat\/escolabacdecerdanya\/wp-json\/wp\/v2\/categories?post=1380"},{"taxonomy":"post_tag","embeddable":true,"href":"https:\/\/agora.xtec.cat\/escolabacdecerdanya\/wp-json\/wp\/v2\/tags?post=1380"}],"curies":[{"name":"wp","href":"https:\/\/api.w.org\/{rel}","templated":true}]}}