{"id":1372,"date":"2013-12-03T00:46:00","date_gmt":"2013-12-02T23:46:00","guid":{"rendered":"http:\/\/agora.xtec.cat\/escolabacdecerdanya\/general\/el-llibre-den-llorenc\/"},"modified":"2013-12-03T00:46:00","modified_gmt":"2013-12-02T23:46:00","slug":"el-llibre-den-llorenc","status":"publish","type":"post","link":"https:\/\/agora.xtec.cat\/escolabacdecerdanya\/general\/el-llibre-den-llorenc\/","title":{"rendered":"El llibre d&#8217;en Lloren\u00e7"},"content":{"rendered":"<div style=\"text-align: justify;\"><span style=\"font-family: Trebuchet MS, sans-serif;\">En aquesta ocasi\u00f3 ha estat el Lloren\u00e7 qui ens ha proposat una lectura. Es tracta del llibre &#8220;En Bernat Barroer i la maledicci\u00f3 de la m\u00f2mia&#8221;. Ens ha explicat que no recorda com el va aconseguir, per\u00f2 que l&#8217;ha trobat a una habitaci\u00f3 on els seus pares tenen molts llibres. I ens ha quedat ben clar que es tracta del seu llibre preferit!<\/span><\/div>\n<div style=\"text-align: justify;\"><span style=\"font-family: Trebuchet MS, sans-serif;\"><br \/><\/span><\/div>\n<div style=\"clear: both; text-align: center;\"><a href=\"http:\/\/1.bp.blogspot.com\/-tU5Z5fe0Snc\/Up0NLcOlqEI\/AAAAAAAAAUQ\/MLi7APQw2Lg\/s1600\/DSC_0741.jpg\" style=\"margin-left: 1em; margin-right: 1em;\"><img loading=\"lazy\" decoding=\"async\" border=\"0\" height=\"200\" src=\"http:\/\/1.bp.blogspot.com\/-tU5Z5fe0Snc\/Up0NLcOlqEI\/AAAAAAAAAUQ\/MLi7APQw2Lg\/s200\/DSC_0741.jpg\" width=\"150\" \/><\/a><\/div>\n<div style=\"text-align: justify;\"><span style=\"font-family: Trebuchet MS, sans-serif;\"><br \/><\/span><\/div>\n<div style=\"text-align: justify;\"><span style=\"font-family: Trebuchet MS, sans-serif;\">Per cert, avui hem parlat sobre la m\u00e0gia dels llibres, doncs ens permeten viatjar i viure aventures amb el simple fet de llegir. \u00c9s aix\u00ed de senzill&#8230; \u00e9s m\u00e0gia!!!<\/span><\/div>\n","protected":false},"excerpt":{"rendered":"<p>En aquesta ocasi\u00f3 ha estat el Lloren\u00e7 qui ens ha proposat una lectura. Es tracta del llibre &#8220;En Bernat Barroer i la maledicci\u00f3 de la m\u00f2mia&#8221;. Ens ha explicat que no recorda com el va aconseguir, per\u00f2 que l&#8217;ha trobat a una habitaci\u00f3 on els&hellip;  <a href=\"https:\/\/agora.xtec.cat\/escolabacdecerdanya\/general\/el-llibre-den-llorenc\/\" title=\"Read El llibre d&#8217;en Lloren\u00e7\">Llegeix m\u00e9s\u00bb<\/a><\/p>\n","protected":false},"author":21,"featured_media":0,"comment_status":"open","ping_status":"closed","sticky":false,"template":"","format":"standard","meta":{"_bbp_topic_count":0,"_bbp_reply_count":0,"_bbp_total_topic_count":0,"_bbp_total_reply_count":0,"_bbp_voice_count":0,"_bbp_anonymous_reply_count":0,"_bbp_topic_count_hidden":0,"_bbp_reply_count_hidden":0,"_bbp_forum_subforum_count":0,"footnotes":""},"categories":[1],"tags":[],"class_list":["post-1372","post","type-post","status-publish","format-standard","hentry","category-general"],"post_mailing_queue_ids":[],"_links":{"self":[{"href":"https:\/\/agora.xtec.cat\/escolabacdecerdanya\/wp-json\/wp\/v2\/posts\/1372","targetHints":{"allow":["GET"]}}],"collection":[{"href":"https:\/\/agora.xtec.cat\/escolabacdecerdanya\/wp-json\/wp\/v2\/posts"}],"about":[{"href":"https:\/\/agora.xtec.cat\/escolabacdecerdanya\/wp-json\/wp\/v2\/types\/post"}],"author":[{"embeddable":true,"href":"https:\/\/agora.xtec.cat\/escolabacdecerdanya\/wp-json\/wp\/v2\/users\/21"}],"replies":[{"embeddable":true,"href":"https:\/\/agora.xtec.cat\/escolabacdecerdanya\/wp-json\/wp\/v2\/comments?post=1372"}],"version-history":[{"count":0,"href":"https:\/\/agora.xtec.cat\/escolabacdecerdanya\/wp-json\/wp\/v2\/posts\/1372\/revisions"}],"wp:attachment":[{"href":"https:\/\/agora.xtec.cat\/escolabacdecerdanya\/wp-json\/wp\/v2\/media?parent=1372"}],"wp:term":[{"taxonomy":"category","embeddable":true,"href":"https:\/\/agora.xtec.cat\/escolabacdecerdanya\/wp-json\/wp\/v2\/categories?post=1372"},{"taxonomy":"post_tag","embeddable":true,"href":"https:\/\/agora.xtec.cat\/escolabacdecerdanya\/wp-json\/wp\/v2\/tags?post=1372"}],"curies":[{"name":"wp","href":"https:\/\/api.w.org\/{rel}","templated":true}]}}