{"id":1362,"date":"2014-02-24T23:32:00","date_gmt":"2014-02-24T22:32:00","guid":{"rendered":"http:\/\/agora.xtec.cat\/escolabacdecerdanya\/general\/el-llibre-den-pere\/"},"modified":"2014-02-24T23:32:00","modified_gmt":"2014-02-24T22:32:00","slug":"el-llibre-den-pere","status":"publish","type":"post","link":"https:\/\/agora.xtec.cat\/escolabacdecerdanya\/general\/el-llibre-den-pere\/","title":{"rendered":"El llibre d&#8217;en Pere"},"content":{"rendered":"<div style=\"text-align: justify;\"><span lang=\"CA\"><span style=\"font-family: Trebuchet MS, sans-serif;\">En Pere ens ha portat el llibre \u201cDiari del Greg. El Rodrick mana\u201d. <o:p><\/o:p><\/span><\/span><\/div>\n<div style=\"text-align: justify;\"><span lang=\"CA\"><span style=\"font-family: Trebuchet MS, sans-serif;\">L\u2019ha escollit perqu\u00e8 combina la narraci\u00f3 amb el c\u00f2mic i li agrada el tipus de lletra.<\/span><\/span><\/div>\n<div style=\"text-align: justify;\"><span lang=\"CA\"><span style=\"font-family: Trebuchet MS, sans-serif;\">Li va comprar el seu pare, despr\u00e9s de llegir-ne la contraportada. <\/span><\/span><\/div>\n<div style=\"text-align: justify;\"><span lang=\"CA\"><span style=\"font-family: Trebuchet MS, sans-serif;\">Ja passa per la meitat&#8230; i aix\u00f2 que el llibre t\u00e9 m\u00e9s de 200 p\u00e0gines!<\/span><\/span><\/div>\n<div style=\"text-align: justify;\"><span lang=\"CA\"><span style=\"font-family: Trebuchet MS, sans-serif;\"><br \/><\/span><\/span><\/div>\n<div style=\"clear: both; text-align: center;\"><a href=\"http:\/\/2.bp.blogspot.com\/-btGLLjgf9UA\/Uwu6awfwWCI\/AAAAAAAAAYA\/iA32quMEfeU\/s1600\/DSC_0242.jpg\" style=\"margin-left: 1em; margin-right: 1em;\"><img loading=\"lazy\" decoding=\"async\" border=\"0\" src=\"http:\/\/2.bp.blogspot.com\/-btGLLjgf9UA\/Uwu6awfwWCI\/AAAAAAAAAYA\/iA32quMEfeU\/s1600\/DSC_0242.jpg\" height=\"200\" width=\"150\" \/><\/a><\/div>\n<div style=\"text-align: justify;\"><span lang=\"CA\"><span style=\"font-family: Trebuchet MS, sans-serif;\"><br \/><\/span><\/span><\/div>\n","protected":false},"excerpt":{"rendered":"<p>En Pere ens ha portat el llibre \u201cDiari del Greg. El Rodrick mana\u201d.<br \/>\nL\u2019ha escollit perqu\u00e8 combina la narraci\u00f3 amb el c\u00f2mic i li agrada el tipus de lletra.<br \/>\nLi va comprar el seu pare, despr\u00e9s de llegir-ne la contraportada.<br \/>\nJa passa per la meitat&#8230; i&hellip;  <a href=\"https:\/\/agora.xtec.cat\/escolabacdecerdanya\/general\/el-llibre-den-pere\/\" title=\"Read El llibre d&#8217;en Pere\">Llegeix m\u00e9s\u00bb<\/a><\/p>\n","protected":false},"author":21,"featured_media":0,"comment_status":"open","ping_status":"closed","sticky":false,"template":"","format":"standard","meta":{"_bbp_topic_count":0,"_bbp_reply_count":0,"_bbp_total_topic_count":0,"_bbp_total_reply_count":0,"_bbp_voice_count":0,"_bbp_anonymous_reply_count":0,"_bbp_topic_count_hidden":0,"_bbp_reply_count_hidden":0,"_bbp_forum_subforum_count":0,"footnotes":""},"categories":[1],"tags":[],"class_list":["post-1362","post","type-post","status-publish","format-standard","hentry","category-general"],"post_mailing_queue_ids":[],"_links":{"self":[{"href":"https:\/\/agora.xtec.cat\/escolabacdecerdanya\/wp-json\/wp\/v2\/posts\/1362","targetHints":{"allow":["GET"]}}],"collection":[{"href":"https:\/\/agora.xtec.cat\/escolabacdecerdanya\/wp-json\/wp\/v2\/posts"}],"about":[{"href":"https:\/\/agora.xtec.cat\/escolabacdecerdanya\/wp-json\/wp\/v2\/types\/post"}],"author":[{"embeddable":true,"href":"https:\/\/agora.xtec.cat\/escolabacdecerdanya\/wp-json\/wp\/v2\/users\/21"}],"replies":[{"embeddable":true,"href":"https:\/\/agora.xtec.cat\/escolabacdecerdanya\/wp-json\/wp\/v2\/comments?post=1362"}],"version-history":[{"count":0,"href":"https:\/\/agora.xtec.cat\/escolabacdecerdanya\/wp-json\/wp\/v2\/posts\/1362\/revisions"}],"wp:attachment":[{"href":"https:\/\/agora.xtec.cat\/escolabacdecerdanya\/wp-json\/wp\/v2\/media?parent=1362"}],"wp:term":[{"taxonomy":"category","embeddable":true,"href":"https:\/\/agora.xtec.cat\/escolabacdecerdanya\/wp-json\/wp\/v2\/categories?post=1362"},{"taxonomy":"post_tag","embeddable":true,"href":"https:\/\/agora.xtec.cat\/escolabacdecerdanya\/wp-json\/wp\/v2\/tags?post=1362"}],"curies":[{"name":"wp","href":"https:\/\/api.w.org\/{rel}","templated":true}]}}