{"id":1359,"date":"2014-03-12T13:43:00","date_gmt":"2014-03-12T12:43:00","guid":{"rendered":"http:\/\/agora.xtec.cat\/escolabacdecerdanya\/general\/prestec-de-llibres\/"},"modified":"2014-03-12T13:43:00","modified_gmt":"2014-03-12T12:43:00","slug":"prestec-de-llibres","status":"publish","type":"post","link":"https:\/\/agora.xtec.cat\/escolabacdecerdanya\/general\/prestec-de-llibres\/","title":{"rendered":"Pr\u00e9stec de llibres"},"content":{"rendered":"<div align=\"center\"><span style=\"font-family: 'Trebuchet MS', sans-serif; text-align: justify;\">El segon i tercer trimestre, els nens i les nenes de 4t estem agafant llibres de la biblioteca de la classe per llegir a casa.&nbsp;Tenim m\u00e9s o menys un mes per llegir el llibre que hem escollit i, a la data fixada, l&#8217;hem de tornar juntament amb la fixa de comprensi\u00f3. Llegim llibres en catal\u00e0 i en castell\u00e0 i aix\u00ed segur que arribarem a ser molt bons LECTORS!!<\/span><\/div>\n<div style=\"text-align: justify;\"><span style=\"font-family: Trebuchet MS;\"><\/span><\/p>\n<div style=\"clear: both; text-align: center;\"><a href=\"http:\/\/1.bp.blogspot.com\/-DgCDONqMXpI\/UyBIBgBPeuI\/AAAAAAAAAZA\/38ZfQ0Z37q4\/s1600\/DSC01860.JPG\" style=\"margin-left: 1em; margin-right: 1em;\"><img loading=\"lazy\" decoding=\"async\" border=\"0\" src=\"http:\/\/1.bp.blogspot.com\/-DgCDONqMXpI\/UyBIBgBPeuI\/AAAAAAAAAZA\/38ZfQ0Z37q4\/s1600\/DSC01860.JPG\" height=\"180\" width=\"320\" \/><\/a><\/div>\n<p><\/p>\n<div style=\"clear: both; text-align: center;\"><a href=\"http:\/\/1.bp.blogspot.com\/-LKBWSKkuTKk\/UyBIEvbQrSI\/AAAAAAAAAZI\/ge8CfjS89ck\/s1600\/DSC01863.JPG\" style=\"margin-left: 1em; margin-right: 1em;\"><img loading=\"lazy\" decoding=\"async\" border=\"0\" src=\"http:\/\/1.bp.blogspot.com\/-LKBWSKkuTKk\/UyBIEvbQrSI\/AAAAAAAAAZI\/ge8CfjS89ck\/s1600\/DSC01863.JPG\" height=\"180\" width=\"320\" \/><\/a><\/div>\n<p><\/p>\n<div style=\"clear: both; text-align: center;\"><a href=\"http:\/\/2.bp.blogspot.com\/-crWjfH0zmXg\/UyBIOi9283I\/AAAAAAAAAZY\/AlxZ0v1dmu4\/s1600\/DSC01868.JPG\" style=\"margin-left: 1em; margin-right: 1em;\"><img loading=\"lazy\" decoding=\"async\" border=\"0\" src=\"http:\/\/2.bp.blogspot.com\/-crWjfH0zmXg\/UyBIOi9283I\/AAAAAAAAAZY\/AlxZ0v1dmu4\/s1600\/DSC01868.JPG\" height=\"180\" width=\"320\" \/><\/a><\/div>\n<p><\/p>\n<div style=\"clear: both; text-align: center;\"><a href=\"http:\/\/1.bp.blogspot.com\/-QElmdbz0jkA\/UyBIHlJ9wVI\/AAAAAAAAAZQ\/psdwnhOJkcc\/s1600\/DSC01870.JPG\" style=\"margin-left: 1em; margin-right: 1em;\"><img loading=\"lazy\" decoding=\"async\" border=\"0\" src=\"http:\/\/1.bp.blogspot.com\/-QElmdbz0jkA\/UyBIHlJ9wVI\/AAAAAAAAAZQ\/psdwnhOJkcc\/s1600\/DSC01870.JPG\" height=\"320\" width=\"180\" \/><\/a><\/div>\n<\/div>\n<div style=\"text-align: justify;\"><\/div>\n<div style=\"text-align: justify;\"><span style=\"font-family: &quot;Trebuchet MS&quot;, sans-serif; font-size: large;\"><u>\ufeff<\/u><\/span><\/div>\n","protected":false},"excerpt":{"rendered":"<p>El segon i tercer trimestre, els nens i les nenes de 4t estem agafant llibres de la biblioteca de la classe per llegir a casa.&nbsp;Tenim m\u00e9s o menys un mes per llegir el llibre que hem escollit i, a la data fixada, l&#8217;hem de tornar&hellip;  <a href=\"https:\/\/agora.xtec.cat\/escolabacdecerdanya\/general\/prestec-de-llibres\/\" title=\"Read Pr\u00e9stec de llibres\">Llegeix m\u00e9s\u00bb<\/a><\/p>\n","protected":false},"author":21,"featured_media":0,"comment_status":"open","ping_status":"closed","sticky":false,"template":"","format":"standard","meta":{"_bbp_topic_count":0,"_bbp_reply_count":0,"_bbp_total_topic_count":0,"_bbp_total_reply_count":0,"_bbp_voice_count":0,"_bbp_anonymous_reply_count":0,"_bbp_topic_count_hidden":0,"_bbp_reply_count_hidden":0,"_bbp_forum_subforum_count":0,"footnotes":""},"categories":[1],"tags":[],"class_list":["post-1359","post","type-post","status-publish","format-standard","hentry","category-general"],"post_mailing_queue_ids":[],"_links":{"self":[{"href":"https:\/\/agora.xtec.cat\/escolabacdecerdanya\/wp-json\/wp\/v2\/posts\/1359","targetHints":{"allow":["GET"]}}],"collection":[{"href":"https:\/\/agora.xtec.cat\/escolabacdecerdanya\/wp-json\/wp\/v2\/posts"}],"about":[{"href":"https:\/\/agora.xtec.cat\/escolabacdecerdanya\/wp-json\/wp\/v2\/types\/post"}],"author":[{"embeddable":true,"href":"https:\/\/agora.xtec.cat\/escolabacdecerdanya\/wp-json\/wp\/v2\/users\/21"}],"replies":[{"embeddable":true,"href":"https:\/\/agora.xtec.cat\/escolabacdecerdanya\/wp-json\/wp\/v2\/comments?post=1359"}],"version-history":[{"count":0,"href":"https:\/\/agora.xtec.cat\/escolabacdecerdanya\/wp-json\/wp\/v2\/posts\/1359\/revisions"}],"wp:attachment":[{"href":"https:\/\/agora.xtec.cat\/escolabacdecerdanya\/wp-json\/wp\/v2\/media?parent=1359"}],"wp:term":[{"taxonomy":"category","embeddable":true,"href":"https:\/\/agora.xtec.cat\/escolabacdecerdanya\/wp-json\/wp\/v2\/categories?post=1359"},{"taxonomy":"post_tag","embeddable":true,"href":"https:\/\/agora.xtec.cat\/escolabacdecerdanya\/wp-json\/wp\/v2\/tags?post=1359"}],"curies":[{"name":"wp","href":"https:\/\/api.w.org\/{rel}","templated":true}]}}