{"id":1357,"date":"2014-03-17T19:33:00","date_gmt":"2014-03-17T18:33:00","guid":{"rendered":"http:\/\/agora.xtec.cat\/escolabacdecerdanya\/general\/el-llibre-de-la-berta\/"},"modified":"2014-03-17T19:33:00","modified_gmt":"2014-03-17T18:33:00","slug":"el-llibre-de-la-berta","status":"publish","type":"post","link":"https:\/\/agora.xtec.cat\/escolabacdecerdanya\/general\/el-llibre-de-la-berta\/","title":{"rendered":"El llibre de la Berta"},"content":{"rendered":"<div style=\"text-align: justify;\"><span style=\"font-family: Trebuchet MS, sans-serif;\">Avui la Berta ens ha portat el seu llibre! Es tracta de &#8220;Els Mocorobots rid\u00edculs. El Capit\u00e0 Cal\u00e7otets i el combat cruent amb l&#8217;hominoide mucoide (II)&#8221;.<\/span><\/div>\n<div style=\"text-align: justify;\"><span style=\"font-family: Trebuchet MS, sans-serif;\">Ens ha explicat que se&#8217;l va comprar al Carrefour de Manresa. Li va agradar perqu\u00e8 \u00e9s for\u00e7a groixut i divertit. Va trobar curi\u00f3s el t\u00edtol i la portada. El va fullejar una mica per dins i va tenir clar que havia de ser seu!&nbsp;<\/span><\/div>\n<div style=\"text-align: justify;\"><span style=\"font-family: Trebuchet MS, sans-serif;\">Passa m\u00e9s o menys per la meitat i va combinant narraci\u00f3 i c\u00f2mic!<\/span><\/div>\n<div style=\"text-align: justify;\"><span style=\"font-family: Trebuchet MS, sans-serif;\"><br \/><\/span><\/div>\n<div style=\"text-align: justify;\">\n<div style=\"clear: both; text-align: center;\"><a href=\"http:\/\/1.bp.blogspot.com\/-oCZx9uvuFwQ\/Uyd860W5yBI\/AAAAAAAAAaM\/3N9Z6nVIcrc\/s1600\/DSC_0418.jpg\" style=\"margin-left: 1em; margin-right: 1em;\"><img loading=\"lazy\" decoding=\"async\" border=\"0\" src=\"http:\/\/1.bp.blogspot.com\/-oCZx9uvuFwQ\/Uyd860W5yBI\/AAAAAAAAAaM\/3N9Z6nVIcrc\/s1600\/DSC_0418.jpg\" height=\"200\" width=\"150\" \/><\/a><\/div>\n<\/div>\n","protected":false},"excerpt":{"rendered":"<p>Avui la Berta ens ha portat el seu llibre! Es tracta de &#8220;Els Mocorobots rid\u00edculs. El Capit\u00e0 Cal\u00e7otets i el combat cruent amb l&#8217;hominoide mucoide (II)&#8221;.<br \/>\nEns ha explicat que se&#8217;l va comprar al Carrefour de Manresa. Li va agradar perqu\u00e8 \u00e9s for\u00e7a groixut i divertit.&hellip;  <a href=\"https:\/\/agora.xtec.cat\/escolabacdecerdanya\/general\/el-llibre-de-la-berta\/\" title=\"Read El llibre de la Berta\">Llegeix m\u00e9s\u00bb<\/a><\/p>\n","protected":false},"author":21,"featured_media":0,"comment_status":"open","ping_status":"closed","sticky":false,"template":"","format":"standard","meta":{"_bbp_topic_count":0,"_bbp_reply_count":0,"_bbp_total_topic_count":0,"_bbp_total_reply_count":0,"_bbp_voice_count":0,"_bbp_anonymous_reply_count":0,"_bbp_topic_count_hidden":0,"_bbp_reply_count_hidden":0,"_bbp_forum_subforum_count":0,"footnotes":""},"categories":[1],"tags":[],"class_list":["post-1357","post","type-post","status-publish","format-standard","hentry","category-general"],"post_mailing_queue_ids":[],"_links":{"self":[{"href":"https:\/\/agora.xtec.cat\/escolabacdecerdanya\/wp-json\/wp\/v2\/posts\/1357","targetHints":{"allow":["GET"]}}],"collection":[{"href":"https:\/\/agora.xtec.cat\/escolabacdecerdanya\/wp-json\/wp\/v2\/posts"}],"about":[{"href":"https:\/\/agora.xtec.cat\/escolabacdecerdanya\/wp-json\/wp\/v2\/types\/post"}],"author":[{"embeddable":true,"href":"https:\/\/agora.xtec.cat\/escolabacdecerdanya\/wp-json\/wp\/v2\/users\/21"}],"replies":[{"embeddable":true,"href":"https:\/\/agora.xtec.cat\/escolabacdecerdanya\/wp-json\/wp\/v2\/comments?post=1357"}],"version-history":[{"count":0,"href":"https:\/\/agora.xtec.cat\/escolabacdecerdanya\/wp-json\/wp\/v2\/posts\/1357\/revisions"}],"wp:attachment":[{"href":"https:\/\/agora.xtec.cat\/escolabacdecerdanya\/wp-json\/wp\/v2\/media?parent=1357"}],"wp:term":[{"taxonomy":"category","embeddable":true,"href":"https:\/\/agora.xtec.cat\/escolabacdecerdanya\/wp-json\/wp\/v2\/categories?post=1357"},{"taxonomy":"post_tag","embeddable":true,"href":"https:\/\/agora.xtec.cat\/escolabacdecerdanya\/wp-json\/wp\/v2\/tags?post=1357"}],"curies":[{"name":"wp","href":"https:\/\/api.w.org\/{rel}","templated":true}]}}