{"id":1354,"date":"2014-03-29T00:45:00","date_gmt":"2014-03-28T23:45:00","guid":{"rendered":"http:\/\/agora.xtec.cat\/escolabacdecerdanya\/general\/volta-ciclista-a-catalunya\/"},"modified":"2014-03-29T00:45:00","modified_gmt":"2014-03-28T23:45:00","slug":"volta-ciclista-a-catalunya","status":"publish","type":"post","link":"https:\/\/agora.xtec.cat\/escolabacdecerdanya\/general\/volta-ciclista-a-catalunya\/","title":{"rendered":"VOLTA CICLISTA A CATALUNYA"},"content":{"rendered":"<div style=\"text-align: justify;\"><span style=\"font-family: Trebuchet MS, sans-serif;\">Aquest dijous, els alumnes de l&#8217;escola, hem anat a veure la sortida d&#8217;una etapa de la<span style=\"background-color: white;\"> <span style=\"color: blue;\">Volta<\/span><\/span>. Hem apr\u00e8s moltes coses sobre aquest esport, doncs hem vist les <b>bicicletes<\/b> que utilitzen aquests herois, els autocars amb que es desplacen, com treballen els seus mec\u00e0nics, el control de firmes i&#8230; la sortida de l&#8217;etapa que finalitzava a Vallter 2000!<\/span><\/div>\n<div style=\"text-align: justify;\"><span style=\"font-family: Georgia, 'Times New Roman', serif; text-align: center;\"><br \/><\/span><\/div>\n<div style=\"text-align: justify;\"><span style=\"font-family: Georgia, 'Times New Roman', serif; text-align: center;\"><i>Van Garderen<\/i>&nbsp; &nbsp; &nbsp; &nbsp; &nbsp; &nbsp; &nbsp; &nbsp; &nbsp; &nbsp; &nbsp; &nbsp; &nbsp; &nbsp; &nbsp; &nbsp; &nbsp; &nbsp; <\/span><i style=\"font-family: Georgia, 'Times New Roman', serif; text-align: center;\">Cliqueu per veure el v\u00eddeo de la sortida<\/i><\/div>\n<div style=\"clear: both; text-align: center;\"><a href=\"http:\/\/2.bp.blogspot.com\/-b8SE-yDGbQM\/UzX6kbym20I\/AAAAAAAAAbg\/QH2EH2eKrzY\/s1600\/van+garderen.png\" style=\"clear: left; float: left; margin-bottom: 1em; margin-right: 1em;\"><img loading=\"lazy\" decoding=\"async\" border=\"0\" src=\"http:\/\/2.bp.blogspot.com\/-b8SE-yDGbQM\/UzX6kbym20I\/AAAAAAAAAbg\/QH2EH2eKrzY\/s1600\/van+garderen.png\" height=\"200\" width=\"102\" \/><\/a><span style=\"font-family: Trebuchet MS, sans-serif;\"><object contentid=\"2f8ee5e99862ba27\" height=\"266\" width=\"320\"><\/object><\/span><\/div>\n<div style=\"text-align: justify;\"><span style=\"font-family: 'Trebuchet MS', sans-serif;\"><br \/><\/span><\/div>\n<div style=\"text-align: justify;\"><span style=\"font-family: 'Trebuchet MS', sans-serif;\">El guanyador de l&#8217;etapa ha estat el prometedor ciclista americ\u00e0 <i>Tejay Van Garderen<\/i> de l&#8217;equip BMC.<\/span><\/div>\n<div style=\"text-align: justify;\"><span style=\"font-family: Trebuchet MS, sans-serif;\">Volem destacar que ens han visitat <b>ciclistes<\/b> de primer\u00edssim nivell, entre ells 4 dels principals favorits per guanyar el Tour de Fran\u00e7a al mes de juliol, la cursa ciclista m\u00e9s important del m\u00f3n! Us recordem que sempre passa pels <span style=\"color: #4c1130;\"><b>Pirineus<\/b><\/span> francesos, de manera que ho tenim ben a prop per anar-hi de p\u00fablic!<\/span><br \/><span style=\"font-family: Trebuchet MS, sans-serif;\"><br \/><\/span><\/p>\n<div style=\"clear: both; text-align: center;\"><a href=\"http:\/\/2.bp.blogspot.com\/-bwrdd2x1Y10\/UzX9VjF0Y2I\/AAAAAAAAAbs\/z_uvNm6sv1g\/s1600\/ciclistes+Alp+2014+-+copia.png\" style=\"margin-left: 1em; margin-right: 1em;\"><img loading=\"lazy\" decoding=\"async\" border=\"0\" src=\"http:\/\/2.bp.blogspot.com\/-bwrdd2x1Y10\/UzX9VjF0Y2I\/AAAAAAAAAbs\/z_uvNm6sv1g\/s1600\/ciclistes+Alp+2014+-+copia.png\" height=\"163\" width=\"400\" \/><\/a><\/div>\n<\/div>\n<div style=\"clear: both; text-align: center;\"><span style=\"font-family: Trebuchet MS, sans-serif; margin-left: 1em; margin-right: 1em;\"><\/span><\/div>\n","protected":false},"excerpt":{"rendered":"<p>Aquest dijous, els alumnes de l&#8217;escola, hem anat a veure la sortida d&#8217;una etapa de la Volta. Hem apr\u00e8s moltes coses sobre aquest esport, doncs hem vist les bicicletes que utilitzen aquests herois, els autocars amb que es desplacen, com treballen els seus mec\u00e0nics, el&hellip;  <a href=\"https:\/\/agora.xtec.cat\/escolabacdecerdanya\/general\/volta-ciclista-a-catalunya\/\" title=\"Read VOLTA CICLISTA A CATALUNYA\">Llegeix m\u00e9s\u00bb<\/a><\/p>\n","protected":false},"author":21,"featured_media":0,"comment_status":"open","ping_status":"closed","sticky":false,"template":"","format":"standard","meta":{"_bbp_topic_count":0,"_bbp_reply_count":0,"_bbp_total_topic_count":0,"_bbp_total_reply_count":0,"_bbp_voice_count":0,"_bbp_anonymous_reply_count":0,"_bbp_topic_count_hidden":0,"_bbp_reply_count_hidden":0,"_bbp_forum_subforum_count":0,"footnotes":""},"categories":[1],"tags":[],"class_list":["post-1354","post","type-post","status-publish","format-standard","hentry","category-general"],"post_mailing_queue_ids":[],"_links":{"self":[{"href":"https:\/\/agora.xtec.cat\/escolabacdecerdanya\/wp-json\/wp\/v2\/posts\/1354","targetHints":{"allow":["GET"]}}],"collection":[{"href":"https:\/\/agora.xtec.cat\/escolabacdecerdanya\/wp-json\/wp\/v2\/posts"}],"about":[{"href":"https:\/\/agora.xtec.cat\/escolabacdecerdanya\/wp-json\/wp\/v2\/types\/post"}],"author":[{"embeddable":true,"href":"https:\/\/agora.xtec.cat\/escolabacdecerdanya\/wp-json\/wp\/v2\/users\/21"}],"replies":[{"embeddable":true,"href":"https:\/\/agora.xtec.cat\/escolabacdecerdanya\/wp-json\/wp\/v2\/comments?post=1354"}],"version-history":[{"count":0,"href":"https:\/\/agora.xtec.cat\/escolabacdecerdanya\/wp-json\/wp\/v2\/posts\/1354\/revisions"}],"wp:attachment":[{"href":"https:\/\/agora.xtec.cat\/escolabacdecerdanya\/wp-json\/wp\/v2\/media?parent=1354"}],"wp:term":[{"taxonomy":"category","embeddable":true,"href":"https:\/\/agora.xtec.cat\/escolabacdecerdanya\/wp-json\/wp\/v2\/categories?post=1354"},{"taxonomy":"post_tag","embeddable":true,"href":"https:\/\/agora.xtec.cat\/escolabacdecerdanya\/wp-json\/wp\/v2\/tags?post=1354"}],"curies":[{"name":"wp","href":"https:\/\/api.w.org\/{rel}","templated":true}]}}