{"id":1339,"date":"2014-11-10T22:55:00","date_gmt":"2014-11-10T21:55:00","guid":{"rendered":"http:\/\/agora.xtec.cat\/escolabacdecerdanya\/general\/sortida-a-barcelona\/"},"modified":"2014-11-10T22:55:00","modified_gmt":"2014-11-10T21:55:00","slug":"sortida-a-barcelona","status":"publish","type":"post","link":"https:\/\/agora.xtec.cat\/escolabacdecerdanya\/general\/sortida-a-barcelona\/","title":{"rendered":"Sortida a Barcelona"},"content":{"rendered":"<div style=\"text-align: justify;\"><span style=\"font-family: Helvetica Neue, Arial, Helvetica, sans-serif;\">Avui hem anat de visita a Barcelona per dos motius, veure una representaci\u00f3 teatral sobre el <span style=\"color: #38761d;\"><b>Petit Pr\u00edncep<\/b><\/span> (tem\u00e0tica de la setmana cultural d&#8217;enguany) i con\u00e8ixer l&#8217;obra de Gaud\u00ed a trav\u00e9s del <b><span style=\"color: #cc0000;\">Parc G\u00fcell<\/span><\/b>.<\/span><\/div>\n<div style=\"text-align: justify;\"><span style=\"font-family: Helvetica Neue, Arial, Helvetica, sans-serif;\">Aquest primer trimestre hem dedicat part de les sessions de pl\u00e0stica a treballar aquest arquitecte mundialment conegut. Mireu quines fotos!!!<\/span><\/div>\n<div style=\"text-align: justify;\">\n<div style=\"clear: both; text-align: center;\"><a href=\"http:\/\/2.bp.blogspot.com\/-Q0p34LA21n4\/VGEpznDAkuI\/AAAAAAAAAlA\/eTQll46BEJU\/s1600\/_20141110_213532.JPG\" style=\"margin-left: 1em; margin-right: 1em;\"><img loading=\"lazy\" decoding=\"async\" border=\"0\" src=\"http:\/\/2.bp.blogspot.com\/-Q0p34LA21n4\/VGEpznDAkuI\/AAAAAAAAAlA\/eTQll46BEJU\/s1600\/_20141110_213532.JPG\" height=\"150\" width=\"320\" \/><\/a><\/div>\n<p><\/p>\n<div style=\"clear: both; text-align: center;\"><a href=\"http:\/\/1.bp.blogspot.com\/-QMKvQ3ywEaI\/VGEpP1_4f3I\/AAAAAAAAAko\/2FRycRPQ7Bw\/s1600\/IMG_20141110_131150.jpg\" style=\"margin-left: 1em; margin-right: 1em;\"><img loading=\"lazy\" decoding=\"async\" border=\"0\" src=\"http:\/\/1.bp.blogspot.com\/-QMKvQ3ywEaI\/VGEpP1_4f3I\/AAAAAAAAAko\/2FRycRPQ7Bw\/s1600\/IMG_20141110_131150.jpg\" height=\"240\" width=\"320\" \/><\/a><\/div>\n<p><\/p>\n<div style=\"clear: both; text-align: center;\"><a href=\"http:\/\/3.bp.blogspot.com\/-6r8yKXArBY4\/VGEpdLV6tNI\/AAAAAAAAAk4\/atueTulmY6E\/s1600\/IMG_20141110_153540.jpg\" style=\"margin-left: 1em; margin-right: 1em;\"><img loading=\"lazy\" decoding=\"async\" border=\"0\" src=\"http:\/\/3.bp.blogspot.com\/-6r8yKXArBY4\/VGEpdLV6tNI\/AAAAAAAAAk4\/atueTulmY6E\/s1600\/IMG_20141110_153540.jpg\" height=\"320\" width=\"240\" \/><\/a><\/div>\n<p><\/p>\n<div style=\"clear: both; text-align: center;\"><a href=\"http:\/\/1.bp.blogspot.com\/-GPpIY_MA6UM\/VGEpWBGoKII\/AAAAAAAAAkw\/E91ipVXxlOY\/s1600\/IMG_20141110_153950.jpg\" style=\"margin-left: 1em; margin-right: 1em;\"><img loading=\"lazy\" decoding=\"async\" border=\"0\" src=\"http:\/\/1.bp.blogspot.com\/-GPpIY_MA6UM\/VGEpWBGoKII\/AAAAAAAAAkw\/E91ipVXxlOY\/s1600\/IMG_20141110_153950.jpg\" height=\"240\" width=\"320\" \/><\/a><\/div>\n<p><\/p>\n<div style=\"clear: both; text-align: center;\"><a href=\"http:\/\/4.bp.blogspot.com\/-PkWJWC3xryg\/VGEqItIa4NI\/AAAAAAAAAlQ\/2SgO3uiZtiI\/s1600\/IMG_20141110_154731.jpg\" style=\"margin-left: 1em; margin-right: 1em;\"><img loading=\"lazy\" decoding=\"async\" border=\"0\" src=\"http:\/\/4.bp.blogspot.com\/-PkWJWC3xryg\/VGEqItIa4NI\/AAAAAAAAAlQ\/2SgO3uiZtiI\/s1600\/IMG_20141110_154731.jpg\" height=\"240\" width=\"320\" \/><\/a><\/div>\n<p><\/p>\n<div style=\"clear: both; text-align: center;\"><a href=\"http:\/\/4.bp.blogspot.com\/-Sb7o2ASMK7Q\/VGEqGXPlQRI\/AAAAAAAAAlI\/Xn0R6vCqV_0\/s1600\/IMG_20141110_161106.jpg\" style=\"margin-left: 1em; margin-right: 1em;\"><img loading=\"lazy\" decoding=\"async\" border=\"0\" src=\"http:\/\/4.bp.blogspot.com\/-Sb7o2ASMK7Q\/VGEqGXPlQRI\/AAAAAAAAAlI\/Xn0R6vCqV_0\/s1600\/IMG_20141110_161106.jpg\" height=\"240\" width=\"320\" \/><\/a><\/div>\n<\/div>\n","protected":false},"excerpt":{"rendered":"<p>Avui hem anat de visita a Barcelona per dos motius, veure una representaci\u00f3 teatral sobre el Petit Pr\u00edncep (tem\u00e0tica de la setmana cultural d&#8217;enguany) i con\u00e8ixer l&#8217;obra de Gaud\u00ed a trav\u00e9s del Parc G\u00fcell.<br \/>\nAquest primer trimestre hem dedicat part de les sessions de pl\u00e0stica a&hellip;  <a href=\"https:\/\/agora.xtec.cat\/escolabacdecerdanya\/general\/sortida-a-barcelona\/\" title=\"Read Sortida a Barcelona\">Llegeix m\u00e9s\u00bb<\/a><\/p>\n","protected":false},"author":21,"featured_media":0,"comment_status":"open","ping_status":"closed","sticky":false,"template":"","format":"standard","meta":{"_bbp_topic_count":0,"_bbp_reply_count":0,"_bbp_total_topic_count":0,"_bbp_total_reply_count":0,"_bbp_voice_count":0,"_bbp_anonymous_reply_count":0,"_bbp_topic_count_hidden":0,"_bbp_reply_count_hidden":0,"_bbp_forum_subforum_count":0,"footnotes":""},"categories":[1],"tags":[],"class_list":["post-1339","post","type-post","status-publish","format-standard","hentry","category-general"],"post_mailing_queue_ids":[],"_links":{"self":[{"href":"https:\/\/agora.xtec.cat\/escolabacdecerdanya\/wp-json\/wp\/v2\/posts\/1339","targetHints":{"allow":["GET"]}}],"collection":[{"href":"https:\/\/agora.xtec.cat\/escolabacdecerdanya\/wp-json\/wp\/v2\/posts"}],"about":[{"href":"https:\/\/agora.xtec.cat\/escolabacdecerdanya\/wp-json\/wp\/v2\/types\/post"}],"author":[{"embeddable":true,"href":"https:\/\/agora.xtec.cat\/escolabacdecerdanya\/wp-json\/wp\/v2\/users\/21"}],"replies":[{"embeddable":true,"href":"https:\/\/agora.xtec.cat\/escolabacdecerdanya\/wp-json\/wp\/v2\/comments?post=1339"}],"version-history":[{"count":0,"href":"https:\/\/agora.xtec.cat\/escolabacdecerdanya\/wp-json\/wp\/v2\/posts\/1339\/revisions"}],"wp:attachment":[{"href":"https:\/\/agora.xtec.cat\/escolabacdecerdanya\/wp-json\/wp\/v2\/media?parent=1339"}],"wp:term":[{"taxonomy":"category","embeddable":true,"href":"https:\/\/agora.xtec.cat\/escolabacdecerdanya\/wp-json\/wp\/v2\/categories?post=1339"},{"taxonomy":"post_tag","embeddable":true,"href":"https:\/\/agora.xtec.cat\/escolabacdecerdanya\/wp-json\/wp\/v2\/tags?post=1339"}],"curies":[{"name":"wp","href":"https:\/\/api.w.org\/{rel}","templated":true}]}}