{"id":1333,"date":"2015-02-13T12:55:00","date_gmt":"2015-02-13T11:55:00","guid":{"rendered":"http:\/\/agora.xtec.cat\/escolabacdecerdanya\/general\/els-bombers-de-lescola-bac-de-cerdanya-4t\/"},"modified":"2015-02-13T12:55:00","modified_gmt":"2015-02-13T11:55:00","slug":"els-bombers-de-lescola-bac-de-cerdanya-4t","status":"publish","type":"post","link":"https:\/\/agora.xtec.cat\/escolabacdecerdanya\/general\/els-bombers-de-lescola-bac-de-cerdanya-4t\/","title":{"rendered":"ELS BOMBERS DE L&#8217;ESCOLA BAC DE CERDANYA &#8211; 4t"},"content":{"rendered":"<div style=\"text-align: justify;\"><span style=\"font-family: Trebuchet MS, sans-serif;\">Aqu\u00ed teniu el v\u00eddeo de la <b>fant\u00e0stica actuaci\u00f3<\/b> que la classe de 4t va oferir al p\u00fablic!<\/span><\/div>\n<div>\n<div style=\"text-align: justify;\"><span style=\"font-family: Trebuchet MS, sans-serif;\">Un cop m\u00e9s,<span style=\"color: red;\"><b> heu estat&nbsp;excel\u00b7lents<\/b><\/span>!&nbsp;<\/span><span style=\"font-family: 'Trebuchet MS', sans-serif;\">Sou la millor classe del m\u00f3n!!!<\/span><\/div>\n<div style=\"text-align: center;\"><span style=\"font-family: 'Trebuchet MS', sans-serif;\"><i>Cliqueu la imatge per veure el v\u00eddeo!!!<\/i><\/span><\/div>\n<div style=\"text-align: justify;\"><span style=\"font-family: 'Trebuchet MS', sans-serif;\"><br \/><\/span><\/div>\n<div style=\"clear: both; text-align: center;\"><a href=\"https:\/\/www.youtube.com\/watch?v=CaJtyiqtE18&amp;feature=youtu.be\"><img loading=\"lazy\" decoding=\"async\" border=\"0\" src=\"http:\/\/2.bp.blogspot.com\/-grK-3JzX0Bc\/VN3Xm64P6rI\/AAAAAAAAAtM\/pMhDc00DsJ8\/s1600\/bombers%2B4t.jpg\" height=\"240\" width=\"320\" \/><\/a><\/div>\n<div style=\"text-align: justify;\"><\/div>\n<\/div>\n<div>\n<div>\n<div>\n<div style=\"text-align: justify;\"><span style=\"font-family: Trebuchet MS, sans-serif; font-size: x-small;\">Si cliqueu <a href=\"https:\/\/www.youtube.com\/watch?v=Hu_6i4qzjTc&amp;feature=youtu.be\"><b><span style=\"background-color: yellow; color: #073763;\">aqu\u00ed<\/span><\/b><\/a>, veureu la gravaci\u00f3 que la mare de la Berta va fer des d&#8217;un altre angle (Ha quedat de costat). Gr\u00e0cies!!!<\/span><\/div>\n<\/div>\n<\/div>\n<\/div>\n","protected":false},"excerpt":{"rendered":"<p>Aqu\u00ed teniu el v\u00eddeo de la fant\u00e0stica actuaci\u00f3 que la classe de 4t va oferir al p\u00fablic!<\/p>\n<p>Un cop m\u00e9s, heu estat&nbsp;excel\u00b7lents!&nbsp;Sou la millor classe del m\u00f3n!!!<br \/>\nCliqueu la imatge per veure el v\u00eddeo!!!<\/p>\n<p><a href=\"https:\/\/www.youtube.com\/watch?v=CaJtyiqtE18&amp;feature=youtu.be\"><\/a><\/p>\n<p>Si cliqueu <a href=\"https:\/\/www.youtube.com\/watch?v=Hu_6i4qzjTc&amp;feature=youtu.be\">aqu\u00ed<\/a>, veureu la gravaci\u00f3 que la mare de la Berta&hellip;  <a href=\"https:\/\/agora.xtec.cat\/escolabacdecerdanya\/general\/els-bombers-de-lescola-bac-de-cerdanya-4t\/\" title=\"Read ELS BOMBERS DE L&#8217;ESCOLA BAC DE CERDANYA &#8211; 4t\">Llegeix m\u00e9s\u00bb<\/a><\/p>\n","protected":false},"author":21,"featured_media":0,"comment_status":"open","ping_status":"closed","sticky":false,"template":"","format":"standard","meta":{"_bbp_topic_count":0,"_bbp_reply_count":0,"_bbp_total_topic_count":0,"_bbp_total_reply_count":0,"_bbp_voice_count":0,"_bbp_anonymous_reply_count":0,"_bbp_topic_count_hidden":0,"_bbp_reply_count_hidden":0,"_bbp_forum_subforum_count":0,"footnotes":""},"categories":[1],"tags":[],"class_list":["post-1333","post","type-post","status-publish","format-standard","hentry","category-general"],"post_mailing_queue_ids":[],"_links":{"self":[{"href":"https:\/\/agora.xtec.cat\/escolabacdecerdanya\/wp-json\/wp\/v2\/posts\/1333","targetHints":{"allow":["GET"]}}],"collection":[{"href":"https:\/\/agora.xtec.cat\/escolabacdecerdanya\/wp-json\/wp\/v2\/posts"}],"about":[{"href":"https:\/\/agora.xtec.cat\/escolabacdecerdanya\/wp-json\/wp\/v2\/types\/post"}],"author":[{"embeddable":true,"href":"https:\/\/agora.xtec.cat\/escolabacdecerdanya\/wp-json\/wp\/v2\/users\/21"}],"replies":[{"embeddable":true,"href":"https:\/\/agora.xtec.cat\/escolabacdecerdanya\/wp-json\/wp\/v2\/comments?post=1333"}],"version-history":[{"count":0,"href":"https:\/\/agora.xtec.cat\/escolabacdecerdanya\/wp-json\/wp\/v2\/posts\/1333\/revisions"}],"wp:attachment":[{"href":"https:\/\/agora.xtec.cat\/escolabacdecerdanya\/wp-json\/wp\/v2\/media?parent=1333"}],"wp:term":[{"taxonomy":"category","embeddable":true,"href":"https:\/\/agora.xtec.cat\/escolabacdecerdanya\/wp-json\/wp\/v2\/categories?post=1333"},{"taxonomy":"post_tag","embeddable":true,"href":"https:\/\/agora.xtec.cat\/escolabacdecerdanya\/wp-json\/wp\/v2\/tags?post=1333"}],"curies":[{"name":"wp","href":"https:\/\/api.w.org\/{rel}","templated":true}]}}