{"id":1330,"date":"2015-04-13T15:55:00","date_gmt":"2015-04-13T13:55:00","guid":{"rendered":"http:\/\/agora.xtec.cat\/escolabacdecerdanya\/general\/amb-els-millors-ciclistes-del-mon\/"},"modified":"2015-04-13T15:55:00","modified_gmt":"2015-04-13T13:55:00","slug":"amb-els-millors-ciclistes-del-mon","status":"publish","type":"post","link":"https:\/\/agora.xtec.cat\/escolabacdecerdanya\/general\/amb-els-millors-ciclistes-del-mon\/","title":{"rendered":"Amb els millors ciclistes del m\u00f3n!"},"content":{"rendered":"<p><span style=\"font-family: Trebuchet MS, sans-serif;\">Com ja sabeu, recentment hem rebut la visita dels millors ciclistes del m\u00f3n per segon any consecutiu a la Volta a Catalunya. \u00c9s un fet a destacar, doncs no sempre tindrem aquesta sort aqu\u00ed a Alp!<\/span><br \/><span style=\"font-family: Trebuchet MS, sans-serif;\">Us mostrem unes fotos amb ciclistes professionals admirats a nivell mundial!<\/span><br \/><span style=\"font-family: Trebuchet MS, sans-serif;\"><\/span><br \/><span style=\"font-family: Trebuchet MS, sans-serif;\"><\/span> <\/p>\n<div style=\"clear: both; text-align: center;\"><\/div>\n<table cellpadding=\"0\" cellspacing=\"0\" style=\"clear: left; float: left; margin-bottom: 1em; margin-right: 1em; text-align: left;\">\n<tbody>\n<tr>\n<td style=\"text-align: center;\"><a href=\"http:\/\/1.bp.blogspot.com\/-4Amkt2w1xEs\/VSvHdJvaAOI\/AAAAAAAAAuo\/JJ7JyJaAa-Y\/s1600\/IMG_20150327_115916.jpg\" style=\"clear: left; margin-bottom: 1em; margin-left: auto; margin-right: auto; text-align: center;\"><img loading=\"lazy\" decoding=\"async\" border=\"0\" src=\"http:\/\/1.bp.blogspot.com\/-4Amkt2w1xEs\/VSvHdJvaAOI\/AAAAAAAAAuo\/JJ7JyJaAa-Y\/s1600\/IMG_20150327_115916.jpg\" height=\"150\" width=\"200\" \/><\/a><\/td>\n<\/tr>\n<tr>\n<td style=\"text-align: center;\"><span style=\"font-family: Helvetica Neue, Arial, Helvetica, sans-serif;\">ALBERTO CONTADOR<\/span><\/td>\n<\/tr>\n<\/tbody>\n<\/table>\n<table align=\"center\" cellpadding=\"0\" cellspacing=\"0\" style=\"clear: left; float: left; margin-bottom: 1em; margin-right: 1em; text-align: left;\">\n<tbody>\n<tr>\n<td style=\"text-align: center;\"><a href=\"http:\/\/2.bp.blogspot.com\/-KYpOlqTNTZY\/VSvHbg2UChI\/AAAAAAAAAug\/GvAX72crRqE\/s1600\/IMG_20150327_115015.jpg\" style=\"clear: left; margin-bottom: 1em; margin-left: auto; margin-right: auto;\"><img loading=\"lazy\" decoding=\"async\" border=\"0\" src=\"http:\/\/2.bp.blogspot.com\/-KYpOlqTNTZY\/VSvHbg2UChI\/AAAAAAAAAug\/GvAX72crRqE\/s1600\/IMG_20150327_115015.jpg\" height=\"150\" width=\"200\" \/><\/a><\/td>\n<\/tr>\n<tr>\n<td style=\"text-align: center;\"><span style=\"font-family: Helvetica Neue, Arial, Helvetica, sans-serif;\">CHRIS FROOME<\/span><\/td>\n<\/tr>\n<\/tbody>\n<\/table>\n<table cellpadding=\"0\" cellspacing=\"0\" style=\"margin-left: 1em; margin-right: 1em; text-align: center;\">\n<tbody>\n<tr>\n<td style=\"text-align: center;\"><a href=\"https:\/\/images-blogger-opensocial.googleusercontent.com\/gadgets\/proxy?url=http%3A%2F%2F4.bp.blogspot.com%2F-TCiFb_78xtU%2FVSvHbviCG9I%2FAAAAAAAAAuk%2FXyPFtvitBgg%2Fs1600%2FIMG_20150327_115812.jpg&amp;container=blogger&amp;gadget=a&amp;rewriteMime=image%2F*\" style=\"clear: right; margin-bottom: 1em; margin-left: auto; margin-right: auto;\"><img loading=\"lazy\" decoding=\"async\" border=\"0\" src=\"http:\/\/4.bp.blogspot.com\/-TCiFb_78xtU\/VSvHbviCG9I\/AAAAAAAAAuk\/XyPFtvitBgg\/s1600\/IMG_20150327_115812.jpg\" height=\"150\" width=\"200\" \/><\/a><\/td>\n<\/tr>\n<tr>\n<td style=\"text-align: center;\"><span style=\"font-family: Helvetica Neue, Arial, Helvetica, sans-serif;\">ALEJANDRO VALVERDE<\/span><\/td>\n<\/tr>\n<\/tbody>\n<\/table>\n<table align=\"center\" cellpadding=\"0\" cellspacing=\"0\" style=\"margin-left: 1em; margin-right: 1em; text-align: left;\">\n<tbody>\n<tr>\n<td style=\"text-align: center;\"><a href=\"https:\/\/images-blogger-opensocial.googleusercontent.com\/gadgets\/proxy?url=http%3A%2F%2F4.bp.blogspot.com%2F-tCtikzylxPU%2FVSvHbkwCcSI%2FAAAAAAAAAuY%2FljUvIo3Qpbs%2Fs1600%2FIMG_20150327_114634.jpg&amp;container=blogger&amp;gadget=a&amp;rewriteMime=image%2F*\" style=\"clear: right; margin-bottom: 1em; margin-left: auto; margin-right: auto;\"><img loading=\"lazy\" decoding=\"async\" border=\"0\" src=\"http:\/\/4.bp.blogspot.com\/-tCtikzylxPU\/VSvHbkwCcSI\/AAAAAAAAAuY\/ljUvIo3Qpbs\/s1600\/IMG_20150327_114634.jpg\" height=\"150\" width=\"200\" \/><\/a><\/td>\n<\/tr>\n<tr>\n<td style=\"text-align: center;\"><span style=\"font-family: Helvetica Neue, Arial, Helvetica, sans-serif;\">DAN MARTIN<\/span><\/td>\n<\/tr>\n<\/tbody>\n<\/table>\n<div style=\"clear: both; text-align: center;\"><\/div>\n","protected":false},"excerpt":{"rendered":"<p>Com ja sabeu, recentment hem rebut la visita dels millors ciclistes del m\u00f3n per segon any consecutiu a la Volta a Catalunya. \u00c9s un fet a destacar, doncs no sempre tindrem aquesta sort aqu\u00ed a Alp!Us mostrem unes fotos amb ciclistes professionals admirats a nivell&hellip;  <a href=\"https:\/\/agora.xtec.cat\/escolabacdecerdanya\/general\/amb-els-millors-ciclistes-del-mon\/\" title=\"Read Amb els millors ciclistes del m\u00f3n!\">Llegeix m\u00e9s\u00bb<\/a><\/p>\n","protected":false},"author":21,"featured_media":0,"comment_status":"open","ping_status":"closed","sticky":false,"template":"","format":"standard","meta":{"_bbp_topic_count":0,"_bbp_reply_count":0,"_bbp_total_topic_count":0,"_bbp_total_reply_count":0,"_bbp_voice_count":0,"_bbp_anonymous_reply_count":0,"_bbp_topic_count_hidden":0,"_bbp_reply_count_hidden":0,"_bbp_forum_subforum_count":0,"footnotes":""},"categories":[1],"tags":[],"class_list":["post-1330","post","type-post","status-publish","format-standard","hentry","category-general"],"post_mailing_queue_ids":[],"_links":{"self":[{"href":"https:\/\/agora.xtec.cat\/escolabacdecerdanya\/wp-json\/wp\/v2\/posts\/1330","targetHints":{"allow":["GET"]}}],"collection":[{"href":"https:\/\/agora.xtec.cat\/escolabacdecerdanya\/wp-json\/wp\/v2\/posts"}],"about":[{"href":"https:\/\/agora.xtec.cat\/escolabacdecerdanya\/wp-json\/wp\/v2\/types\/post"}],"author":[{"embeddable":true,"href":"https:\/\/agora.xtec.cat\/escolabacdecerdanya\/wp-json\/wp\/v2\/users\/21"}],"replies":[{"embeddable":true,"href":"https:\/\/agora.xtec.cat\/escolabacdecerdanya\/wp-json\/wp\/v2\/comments?post=1330"}],"version-history":[{"count":0,"href":"https:\/\/agora.xtec.cat\/escolabacdecerdanya\/wp-json\/wp\/v2\/posts\/1330\/revisions"}],"wp:attachment":[{"href":"https:\/\/agora.xtec.cat\/escolabacdecerdanya\/wp-json\/wp\/v2\/media?parent=1330"}],"wp:term":[{"taxonomy":"category","embeddable":true,"href":"https:\/\/agora.xtec.cat\/escolabacdecerdanya\/wp-json\/wp\/v2\/categories?post=1330"},{"taxonomy":"post_tag","embeddable":true,"href":"https:\/\/agora.xtec.cat\/escolabacdecerdanya\/wp-json\/wp\/v2\/tags?post=1330"}],"curies":[{"name":"wp","href":"https:\/\/api.w.org\/{rel}","templated":true}]}}