{"id":1329,"date":"2015-05-04T13:31:00","date_gmt":"2015-05-04T11:31:00","guid":{"rendered":"http:\/\/agora.xtec.cat\/escolabacdecerdanya\/general\/projecte-sobre-la-discapacitat-4t\/"},"modified":"2015-05-04T13:31:00","modified_gmt":"2015-05-04T11:31:00","slug":"projecte-sobre-la-discapacitat-4t","status":"publish","type":"post","link":"https:\/\/agora.xtec.cat\/escolabacdecerdanya\/general\/projecte-sobre-la-discapacitat-4t\/","title":{"rendered":"PROJECTE SOBRE LA DISCAPACITAT &#8211; 4t"},"content":{"rendered":"<div style=\"text-align: justify;\"><span style=\"font-family: Helvetica Neue, Arial, Helvetica, sans-serif;\">A la <b><span style=\"color: #cc0000;\">classe de quart<\/span><\/b> estem fent un projecte amb la finalitat d&#8217;investigar i con\u00e8ixer aspectes relacionat amb el m\u00f3n de les persones amb discapacitat. O millor dit, <span style=\"color: #38761d;\"><b>persones amb capacitats diferents<\/b><\/span>.<\/span><\/div>\n<div style=\"text-align: justify;\"><span style=\"font-family: Helvetica Neue, Arial, Helvetica, sans-serif;\">La <b><span style=\"color: #0b5394;\">inclusi\u00f3<\/span><\/b> d&#8217;aquestes persones a la nostra societat, ens fa millors a tots plegats.<\/span><\/div>\n<div style=\"text-align: justify;\"><span style=\"font-family: Helvetica Neue, Arial, Helvetica, sans-serif;\">Aqu\u00ed teniu una adre\u00e7a on s&#8217;explica molt b\u00e9 el tema a tractar!<\/span><\/div>\n<div style=\"clear: both; text-align: center;\"><a href=\"http:\/\/w110.bcn.cat\/fitxers\/baccessible\/somcapaos.942.pdf\"><img loading=\"lazy\" decoding=\"async\" border=\"0\" height=\"196\" src=\"http:\/\/3.bp.blogspot.com\/-_T8W8eR8Exw\/VUdYSophfAI\/AAAAAAAAAvE\/zI8exYDeCAc\/s320\/inclusion.jpg\" width=\"320\" \/><\/a><\/div>\n<div style=\"text-align: justify;\"><a href=\"http:\/\/w110.bcn.cat\/fitxers\/baccessible\/somcapaos.942.pdf\"><span style=\"font-family: Helvetica Neue, Arial, Helvetica, sans-serif;\"><b>SOM CAPA\u00c7OS!<\/b><\/span><\/a><\/div>\n","protected":false},"excerpt":{"rendered":"<p>A la classe de quart estem fent un projecte amb la finalitat d&#8217;investigar i con\u00e8ixer aspectes relacionat amb el m\u00f3n de les persones amb discapacitat. O millor dit, persones amb capacitats diferents.<br \/>\nLa inclusi\u00f3 d&#8217;aquestes persones a la nostra societat, ens fa millors a tots plegats.<br \/>\nAqu\u00ed&hellip;  <a href=\"https:\/\/agora.xtec.cat\/escolabacdecerdanya\/general\/projecte-sobre-la-discapacitat-4t\/\" title=\"Read PROJECTE SOBRE LA DISCAPACITAT &#8211; 4t\">Llegeix m\u00e9s\u00bb<\/a><\/p>\n","protected":false},"author":21,"featured_media":0,"comment_status":"open","ping_status":"closed","sticky":false,"template":"","format":"standard","meta":{"_bbp_topic_count":0,"_bbp_reply_count":0,"_bbp_total_topic_count":0,"_bbp_total_reply_count":0,"_bbp_voice_count":0,"_bbp_anonymous_reply_count":0,"_bbp_topic_count_hidden":0,"_bbp_reply_count_hidden":0,"_bbp_forum_subforum_count":0,"footnotes":""},"categories":[1],"tags":[],"class_list":["post-1329","post","type-post","status-publish","format-standard","hentry","category-general"],"post_mailing_queue_ids":[],"_links":{"self":[{"href":"https:\/\/agora.xtec.cat\/escolabacdecerdanya\/wp-json\/wp\/v2\/posts\/1329","targetHints":{"allow":["GET"]}}],"collection":[{"href":"https:\/\/agora.xtec.cat\/escolabacdecerdanya\/wp-json\/wp\/v2\/posts"}],"about":[{"href":"https:\/\/agora.xtec.cat\/escolabacdecerdanya\/wp-json\/wp\/v2\/types\/post"}],"author":[{"embeddable":true,"href":"https:\/\/agora.xtec.cat\/escolabacdecerdanya\/wp-json\/wp\/v2\/users\/21"}],"replies":[{"embeddable":true,"href":"https:\/\/agora.xtec.cat\/escolabacdecerdanya\/wp-json\/wp\/v2\/comments?post=1329"}],"version-history":[{"count":0,"href":"https:\/\/agora.xtec.cat\/escolabacdecerdanya\/wp-json\/wp\/v2\/posts\/1329\/revisions"}],"wp:attachment":[{"href":"https:\/\/agora.xtec.cat\/escolabacdecerdanya\/wp-json\/wp\/v2\/media?parent=1329"}],"wp:term":[{"taxonomy":"category","embeddable":true,"href":"https:\/\/agora.xtec.cat\/escolabacdecerdanya\/wp-json\/wp\/v2\/categories?post=1329"},{"taxonomy":"post_tag","embeddable":true,"href":"https:\/\/agora.xtec.cat\/escolabacdecerdanya\/wp-json\/wp\/v2\/tags?post=1329"}],"curies":[{"name":"wp","href":"https:\/\/api.w.org\/{rel}","templated":true}]}}