{"id":1326,"date":"2015-09-28T18:15:00","date_gmt":"2015-09-28T16:15:00","guid":{"rendered":"http:\/\/agora.xtec.cat\/escolabacdecerdanya\/general\/excursio-a-prat-de-cadi\/"},"modified":"2015-09-28T18:15:00","modified_gmt":"2015-09-28T16:15:00","slug":"excursio-a-prat-de-cadi","status":"publish","type":"post","link":"https:\/\/agora.xtec.cat\/escolabacdecerdanya\/general\/excursio-a-prat-de-cadi\/","title":{"rendered":"EXCURSI\u00d3 A PRAT DE CAD\u00cd!"},"content":{"rendered":"<p>Hola a TOTS i a TOTES!<\/p>\n<p>Els alumnes de Cicle Mitj\u00e0 hem fet la primera excursi\u00f3 d&#8217;aquest curs! \u00c9s la sortida de l&#8217;entorn i est\u00e0 relacionada amb el projecte que treballem a l&#8217;escola per con\u00e8ixer millor la nostra comarca, la Cerdanya.<\/p>\n<p>Hem anat amb autob\u00fas fins a Estana, hem esmorzat i hem comen\u00e7at la nostra caminada. <\/p>\n<p>Tot i que hi havia for\u00e7a pujada, hem arribat fins a Prat de Cad\u00ed i hem pogut gaudir de les vistes de la Serra del Cad\u00ed mentre din\u00e0vem i jug\u00e0vem a fer cabanes.<\/p>\n<p>Ha estat molt divertit!<\/p>\n<p><img loading=\"lazy\" decoding=\"async\" height=\"300\" src=\"https:\/\/lh3.googleusercontent.com\/qTpsvSHUasyxIpY04sYqZlo_mQ1T0VS4FKbNGc2LClwSzvt0kM4HZAE05wdijO9gMTK5OCLZodQx_ZLhszOke6D6h302lxJ_ZCcIxYbBvF4Fy2hj9v1Tz6h0hOgJkHTGKvrcx_LLKfcp74kDdzqrnh7zqV1d9oCvlCryvXD8fDiba3VBq3PDAige3Ja1kCBQ4ndQ7_4OI_sW3pA-S9VUN32OLKG6MwQtw4_MtkT8NHvhd0JcAsBx1HpoxppbSzd3bfkEzSrM2SDEPoEFyj8OGv6aY2pL582PbgnGxKcoli1k6rDL_oBGrdAItFwzfpNQ4XJK2d_PXc901Y_IVXGwJihHdxKH95ZM7NXUzzj3r1QZ5HgsG9XzS16MAGsJSfslUZLj7hCeqqd3KpjOv1MZEu2zm-P3Pkh87lk5bnppssZM-lZV-FJvh1FaRfy8ZsvQGq3npLh38p1SXKDOFT4XNGWT-WPRaVWvYLXScC99WHk2EdcTotBuBBBpOdSdKGeJvD-pP3-IBkFk4EBb1r8RaOMDk4A3YuoySB4QgIg7CHY=w826-h619-no\" width=\"400\" \/><\/p>\n<p>Si cliqueu l&#8217;enlla\u00e7 podreu veure les fotos de la sortida:&nbsp;<a href=\"https:\/\/goo.gl\/photos\/63xAU2QrUm7F3uF66\">Fotos Prat Cad\u00ed<\/a><\/p>\n<p><\/p>\n","protected":false},"excerpt":{"rendered":"<p>Hola a TOTS i a TOTES!<br \/>\nEls alumnes de Cicle Mitj\u00e0 hem fet la primera excursi\u00f3 d&#8217;aquest curs! \u00c9s la sortida de l&#8217;entorn i est\u00e0 relacionada amb el projecte que treballem a l&#8217;escola per con\u00e8ixer millor la nostra comarca, la Cerdanya.<br \/>\nHem anat amb autob\u00fas fins a&hellip;  <a href=\"https:\/\/agora.xtec.cat\/escolabacdecerdanya\/general\/excursio-a-prat-de-cadi\/\" title=\"Read EXCURSI\u00d3 A PRAT DE CAD\u00cd!\">Llegeix m\u00e9s\u00bb<\/a><\/p>\n","protected":false},"author":21,"featured_media":0,"comment_status":"open","ping_status":"closed","sticky":false,"template":"","format":"standard","meta":{"_bbp_topic_count":0,"_bbp_reply_count":0,"_bbp_total_topic_count":0,"_bbp_total_reply_count":0,"_bbp_voice_count":0,"_bbp_anonymous_reply_count":0,"_bbp_topic_count_hidden":0,"_bbp_reply_count_hidden":0,"_bbp_forum_subforum_count":0,"footnotes":""},"categories":[1],"tags":[],"class_list":["post-1326","post","type-post","status-publish","format-standard","hentry","category-general"],"post_mailing_queue_ids":[],"_links":{"self":[{"href":"https:\/\/agora.xtec.cat\/escolabacdecerdanya\/wp-json\/wp\/v2\/posts\/1326","targetHints":{"allow":["GET"]}}],"collection":[{"href":"https:\/\/agora.xtec.cat\/escolabacdecerdanya\/wp-json\/wp\/v2\/posts"}],"about":[{"href":"https:\/\/agora.xtec.cat\/escolabacdecerdanya\/wp-json\/wp\/v2\/types\/post"}],"author":[{"embeddable":true,"href":"https:\/\/agora.xtec.cat\/escolabacdecerdanya\/wp-json\/wp\/v2\/users\/21"}],"replies":[{"embeddable":true,"href":"https:\/\/agora.xtec.cat\/escolabacdecerdanya\/wp-json\/wp\/v2\/comments?post=1326"}],"version-history":[{"count":0,"href":"https:\/\/agora.xtec.cat\/escolabacdecerdanya\/wp-json\/wp\/v2\/posts\/1326\/revisions"}],"wp:attachment":[{"href":"https:\/\/agora.xtec.cat\/escolabacdecerdanya\/wp-json\/wp\/v2\/media?parent=1326"}],"wp:term":[{"taxonomy":"category","embeddable":true,"href":"https:\/\/agora.xtec.cat\/escolabacdecerdanya\/wp-json\/wp\/v2\/categories?post=1326"},{"taxonomy":"post_tag","embeddable":true,"href":"https:\/\/agora.xtec.cat\/escolabacdecerdanya\/wp-json\/wp\/v2\/tags?post=1326"}],"curies":[{"name":"wp","href":"https:\/\/api.w.org\/{rel}","templated":true}]}}