{"id":1303,"date":"2016-01-20T13:14:00","date_gmt":"2016-01-20T12:14:00","guid":{"rendered":"http:\/\/agora.xtec.cat\/escolabacdecerdanya\/general\/setmana-blanca-2\/"},"modified":"2019-09-09T19:37:36","modified_gmt":"2019-09-09T17:37:36","slug":"setmana-blanca-2","status":"publish","type":"post","link":"https:\/\/agora.xtec.cat\/escolabacdecerdanya\/mitja\/3r\/setmana-blanca-2\/","title":{"rendered":"SETMANA BLANCA"},"content":{"rendered":"<p>Les vacances de Nadal s&#8217;han acabat i comen\u00e7a el segon trimestre. Hem anat a Masella fer la setmana blanca i ens ho hem passat molt b\u00e9!<br \/>(Properament al bloc general de l&#8217;escola penjarem m\u00e9s fotos)<\/p>\n<div style=\"clear: both; text-align: center;\"><a href=\"http:\/\/2.bp.blogspot.com\/-nxcmdfKsbVI\/Vp9rzAWavYI\/AAAAAAAACpQ\/PN5SR_U_MB4\/s1600\/20160111_102455.jpg\" style=\"margin-left: 1em; margin-right: 1em;\"><img loading=\"lazy\" decoding=\"async\" border=\"0\" height=\"180\" src=\"http:\/\/2.bp.blogspot.com\/-nxcmdfKsbVI\/Vp9rzAWavYI\/AAAAAAAACpQ\/PN5SR_U_MB4\/s320\/20160111_102455.jpg\" width=\"320\" \/><\/a><\/div>\n<p><\/p>\n<div style=\"clear: both; text-align: center;\"><a href=\"http:\/\/1.bp.blogspot.com\/-u-F3mBiNxh8\/Vp9rzcjyZ1I\/AAAAAAAACpU\/ju8SPjKB_Us\/s1600\/20160112_100151.jpg\" style=\"margin-left: 1em; margin-right: 1em;\"><img loading=\"lazy\" decoding=\"async\" border=\"0\" height=\"320\" src=\"http:\/\/1.bp.blogspot.com\/-u-F3mBiNxh8\/Vp9rzcjyZ1I\/AAAAAAAACpU\/ju8SPjKB_Us\/s320\/20160112_100151.jpg\" width=\"180\" \/><\/a><\/div>\n<p><\/p>\n<div style=\"clear: both; text-align: center;\"><a href=\"http:\/\/2.bp.blogspot.com\/-MORXtaAd1ak\/Vp9rzazBcfI\/AAAAAAAACpM\/kFRUbkEB-bk\/s1600\/20160112_100209.jpg\" style=\"margin-left: 1em; margin-right: 1em;\"><img loading=\"lazy\" decoding=\"async\" border=\"0\" height=\"320\" src=\"http:\/\/2.bp.blogspot.com\/-MORXtaAd1ak\/Vp9rzazBcfI\/AAAAAAAACpM\/kFRUbkEB-bk\/s320\/20160112_100209.jpg\" width=\"180\" \/><\/a><\/div>\n<p><\/p>\n<div style=\"clear: both; text-align: center;\"><a href=\"http:\/\/2.bp.blogspot.com\/-7HZ1Z4Xgpnw\/Vp9rz1aa8tI\/AAAAAAAACpc\/UQ2OYm9m9rU\/s1600\/20160112_100224.jpg\" style=\"margin-left: 1em; margin-right: 1em;\"><img loading=\"lazy\" decoding=\"async\" border=\"0\" height=\"180\" src=\"http:\/\/2.bp.blogspot.com\/-7HZ1Z4Xgpnw\/Vp9rz1aa8tI\/AAAAAAAACpc\/UQ2OYm9m9rU\/s320\/20160112_100224.jpg\" width=\"320\" \/><\/a><\/div>\n<p><\/p>\n<div style=\"clear: both; text-align: center;\"><a href=\"http:\/\/4.bp.blogspot.com\/-Y7ahMOMj4yY\/Vp9r0C0lluI\/AAAAAAAACpY\/PZ-KlVynFFc\/s1600\/20160115_105312.jpg\" style=\"margin-left: 1em; margin-right: 1em;\"><img loading=\"lazy\" decoding=\"async\" border=\"0\" height=\"180\" src=\"http:\/\/4.bp.blogspot.com\/-Y7ahMOMj4yY\/Vp9r0C0lluI\/AAAAAAAACpY\/PZ-KlVynFFc\/s320\/20160115_105312.jpg\" width=\"320\" \/><\/a><\/div>\n<p><\/p>\n","protected":false},"excerpt":{"rendered":"<p>Les vacances de Nadal s&#8217;han acabat i comen\u00e7a el segon trimestre. Hem anat a Masella fer la setmana blanca i ens ho hem passat molt b\u00e9!(Properament al bloc general de l&#8217;escola penjarem m\u00e9s fotos)<br \/>\n<a href=\"http:\/\/2.bp.blogspot.com\/-nxcmdfKsbVI\/Vp9rzAWavYI\/AAAAAAAACpQ\/PN5SR_U_MB4\/s1600\/20160111_102455.jpg\" style=\"margin-left: 1em; margin-right: 1em;\"><\/a><\/p>\n<p><a href=\"http:\/\/1.bp.blogspot.com\/-u-F3mBiNxh8\/Vp9rzcjyZ1I\/AAAAAAAACpU\/ju8SPjKB_Us\/s1600\/20160112_100151.jpg\" style=\"margin-left: 1em; margin-right: 1em;\"><\/a><\/p>\n<p><a href=\"http:\/\/2.bp.blogspot.com\/-MORXtaAd1ak\/Vp9rzazBcfI\/AAAAAAAACpM\/kFRUbkEB-bk\/s1600\/20160112_100209.jpg\"&hellip;  <a href=\"https:\/\/agora.xtec.cat\/escolabacdecerdanya\/mitja\/3r\/setmana-blanca-2\/\" title=\"Read SETMANA BLANCA\">Llegeix m\u00e9s\u00bb<\/a><\/p>\n","protected":false},"author":21,"featured_media":0,"comment_status":"open","ping_status":"closed","sticky":false,"template":"","format":"standard","meta":{"_bbp_topic_count":0,"_bbp_reply_count":0,"_bbp_total_topic_count":0,"_bbp_total_reply_count":0,"_bbp_voice_count":0,"_bbp_anonymous_reply_count":0,"_bbp_topic_count_hidden":0,"_bbp_reply_count_hidden":0,"_bbp_forum_subforum_count":0,"footnotes":""},"categories":[12,105],"tags":[],"class_list":["post-1303","post","type-post","status-publish","format-standard","hentry","category-3r","category-mitja"],"post_mailing_queue_ids":[],"_links":{"self":[{"href":"https:\/\/agora.xtec.cat\/escolabacdecerdanya\/wp-json\/wp\/v2\/posts\/1303","targetHints":{"allow":["GET"]}}],"collection":[{"href":"https:\/\/agora.xtec.cat\/escolabacdecerdanya\/wp-json\/wp\/v2\/posts"}],"about":[{"href":"https:\/\/agora.xtec.cat\/escolabacdecerdanya\/wp-json\/wp\/v2\/types\/post"}],"author":[{"embeddable":true,"href":"https:\/\/agora.xtec.cat\/escolabacdecerdanya\/wp-json\/wp\/v2\/users\/21"}],"replies":[{"embeddable":true,"href":"https:\/\/agora.xtec.cat\/escolabacdecerdanya\/wp-json\/wp\/v2\/comments?post=1303"}],"version-history":[{"count":1,"href":"https:\/\/agora.xtec.cat\/escolabacdecerdanya\/wp-json\/wp\/v2\/posts\/1303\/revisions"}],"predecessor-version":[{"id":1418,"href":"https:\/\/agora.xtec.cat\/escolabacdecerdanya\/wp-json\/wp\/v2\/posts\/1303\/revisions\/1418"}],"wp:attachment":[{"href":"https:\/\/agora.xtec.cat\/escolabacdecerdanya\/wp-json\/wp\/v2\/media?parent=1303"}],"wp:term":[{"taxonomy":"category","embeddable":true,"href":"https:\/\/agora.xtec.cat\/escolabacdecerdanya\/wp-json\/wp\/v2\/categories?post=1303"},{"taxonomy":"post_tag","embeddable":true,"href":"https:\/\/agora.xtec.cat\/escolabacdecerdanya\/wp-json\/wp\/v2\/tags?post=1303"}],"curies":[{"name":"wp","href":"https:\/\/api.w.org\/{rel}","templated":true}]}}