{"id":1292,"date":"2016-03-05T21:26:00","date_gmt":"2016-03-05T20:26:00","guid":{"rendered":"http:\/\/agora.xtec.cat\/escolabacdecerdanya\/general\/enquesta-dautoconeixement-per-a-pares-i-mares\/"},"modified":"2019-09-09T19:37:53","modified_gmt":"2019-09-09T17:37:53","slug":"enquesta-dautoconeixement-per-a-pares-i-mares","status":"publish","type":"post","link":"https:\/\/agora.xtec.cat\/escolabacdecerdanya\/mitja\/enquesta-dautoconeixement-per-a-pares-i-mares\/","title":{"rendered":"Enquesta d\u2019autoconeixement per a pares i mares"},"content":{"rendered":"<p><span style=\"font-family: &quot;arial&quot; , &quot;helvetica&quot; , sans-serif;\">El Departament d&#8217;Ensenyament ha publicat una enquesta d&#8217;autoconeixement que podeu realitzar les fam\u00edlies per con\u00e8ixer els vostres punts forts i febles en relaci\u00f3 a la vostra tasca educadora, l&#8217;acompanyament escolar a casa i la participaci\u00f3 en el funcionament del centre. Tots els que vulgueu la podeu realitzar clicant a l&#8217;enlla\u00e7 seg\u00fcent:<\/span><br \/><span style=\"font-family: &quot;arial&quot; , &quot;helvetica&quot; , sans-serif; font-size: large;\"><br \/><\/span><span style=\"font-family: &quot;arial&quot; , &quot;helvetica&quot; , sans-serif; font-size: large;\"><a href=\"http:\/\/familiaiescola.gencat.cat\/ca\/decaleg-pares-mares\/enquesta-autoconeixement\/enquesta\/autoconeixement-pares-mares\/\">http:\/\/familiaiescola.gencat.cat\/ca\/decaleg-pares-mares\/enquesta-autoconeixement\/enquesta\/autoconeixement-pares-mares\/<\/a><\/span><\/p>\n<p><img loading=\"lazy\" decoding=\"async\" height=\"240\" src=\"http:\/\/vitivi.codorniu.es\/wp-content\/uploads\/2014\/06\/enquesta.jpg\" width=\"320\" \/><\/p>\n","protected":false},"excerpt":{"rendered":"<p>El Departament d&#8217;Ensenyament ha publicat una enquesta d&#8217;autoconeixement que podeu realitzar les fam\u00edlies per con\u00e8ixer els vostres punts forts i febles en relaci\u00f3 a la vostra tasca educadora, l&#8217;acompanyament escolar a casa i la participaci\u00f3 en el funcionament del centre. Tots els que vulgueu la&hellip;  <a href=\"https:\/\/agora.xtec.cat\/escolabacdecerdanya\/mitja\/enquesta-dautoconeixement-per-a-pares-i-mares\/\" title=\"Read Enquesta d\u2019autoconeixement per a pares i mares\">Llegeix m\u00e9s\u00bb<\/a><\/p>\n","protected":false},"author":21,"featured_media":0,"comment_status":"open","ping_status":"closed","sticky":false,"template":"","format":"standard","meta":{"_bbp_topic_count":0,"_bbp_reply_count":0,"_bbp_total_topic_count":0,"_bbp_total_reply_count":0,"_bbp_voice_count":0,"_bbp_anonymous_reply_count":0,"_bbp_topic_count_hidden":0,"_bbp_reply_count_hidden":0,"_bbp_forum_subforum_count":0,"footnotes":""},"categories":[105],"tags":[],"class_list":["post-1292","post","type-post","status-publish","format-standard","hentry","category-mitja"],"post_mailing_queue_ids":[],"_links":{"self":[{"href":"https:\/\/agora.xtec.cat\/escolabacdecerdanya\/wp-json\/wp\/v2\/posts\/1292","targetHints":{"allow":["GET"]}}],"collection":[{"href":"https:\/\/agora.xtec.cat\/escolabacdecerdanya\/wp-json\/wp\/v2\/posts"}],"about":[{"href":"https:\/\/agora.xtec.cat\/escolabacdecerdanya\/wp-json\/wp\/v2\/types\/post"}],"author":[{"embeddable":true,"href":"https:\/\/agora.xtec.cat\/escolabacdecerdanya\/wp-json\/wp\/v2\/users\/21"}],"replies":[{"embeddable":true,"href":"https:\/\/agora.xtec.cat\/escolabacdecerdanya\/wp-json\/wp\/v2\/comments?post=1292"}],"version-history":[{"count":1,"href":"https:\/\/agora.xtec.cat\/escolabacdecerdanya\/wp-json\/wp\/v2\/posts\/1292\/revisions"}],"predecessor-version":[{"id":1434,"href":"https:\/\/agora.xtec.cat\/escolabacdecerdanya\/wp-json\/wp\/v2\/posts\/1292\/revisions\/1434"}],"wp:attachment":[{"href":"https:\/\/agora.xtec.cat\/escolabacdecerdanya\/wp-json\/wp\/v2\/media?parent=1292"}],"wp:term":[{"taxonomy":"category","embeddable":true,"href":"https:\/\/agora.xtec.cat\/escolabacdecerdanya\/wp-json\/wp\/v2\/categories?post=1292"},{"taxonomy":"post_tag","embeddable":true,"href":"https:\/\/agora.xtec.cat\/escolabacdecerdanya\/wp-json\/wp\/v2\/tags?post=1292"}],"curies":[{"name":"wp","href":"https:\/\/api.w.org\/{rel}","templated":true}]}}