{"id":1291,"date":"2016-03-05T21:34:00","date_gmt":"2016-03-05T20:34:00","guid":{"rendered":"http:\/\/agora.xtec.cat\/escolabacdecerdanya\/general\/la-lectura\/"},"modified":"2019-09-09T19:37:53","modified_gmt":"2019-09-09T17:37:53","slug":"la-lectura","status":"publish","type":"post","link":"https:\/\/agora.xtec.cat\/escolabacdecerdanya\/mitja\/la-lectura\/","title":{"rendered":"LA LECTURA"},"content":{"rendered":"<p><span style=\"background-color: white; line-height: 16.8px;\"><span style=\"font-family: &quot;arial&quot; , &quot;helvetica&quot; , sans-serif;\">La lectura \u00e9s un instrument fonamental en el proc\u00e9s de coneixement i de maduraci\u00f3 personal dels vostres fills.&nbsp;<\/span><\/span><br \/><span style=\"background-color: white; line-height: 16.8px;\"><span style=\"font-family: &quot;arial&quot; , &quot;helvetica&quot; , sans-serif;\">En la web del Departament d&#8217;Ensenyament trobareu orientacions per crear l&#8217;h\u00e0bit lector.<\/span><\/span><br \/><span style=\"font-family: &quot;verdana&quot; , &quot;tahoma&quot;;\"><span style=\"background-color: white; font-size: 11.2px; line-height: 16.8px;\"><br \/><\/span><\/span><span style=\"font-family: &quot;verdana&quot; , &quot;tahoma&quot;;\"><span style=\"background-color: white; line-height: 16.8px;\"><span style=\"font-size: large;\"><a href=\"http:\/\/familiaiescola.gencat.cat\/ca\/educar-creixer-en-familia\/temps-familia\/lectura\/\">http:\/\/familiaiescola.gencat.cat\/ca\/educar-creixer-en-familia\/temps-familia\/lectura\/<\/a><\/span><\/span><\/span><br \/><span style=\"font-family: &quot;verdana&quot; , &quot;tahoma&quot;;\"><span style=\"background-color: white; line-height: 16.8px;\"><br \/><\/span><\/span><span style=\"font-family: &quot;verdana&quot; , &quot;tahoma&quot;;\"><span style=\"background-color: white; line-height: 16.8px;\"><img decoding=\"async\" src=\"http:\/\/www.lavoz901.com.ar\/imgnoticias\/_199398_tapa_2352014_15292.JPG\" \/><\/span><\/span><\/p>\n","protected":false},"excerpt":{"rendered":"<p>La lectura \u00e9s un instrument fonamental en el proc\u00e9s de coneixement i de maduraci\u00f3 personal dels vostres fills.&nbsp;En la web del Departament d&#8217;Ensenyament trobareu orientacions per crear l&#8217;h\u00e0bit lector.<a href=\"http:\/\/familiaiescola.gencat.cat\/ca\/educar-creixer-en-familia\/temps-familia\/lectura\/\">http:\/\/familiaiescola.gencat.cat\/ca\/educar-creixer-en-familia\/temps-familia\/lectura\/<\/a><\/p>\n","protected":false},"author":21,"featured_media":0,"comment_status":"open","ping_status":"closed","sticky":false,"template":"","format":"standard","meta":{"_bbp_topic_count":0,"_bbp_reply_count":0,"_bbp_total_topic_count":0,"_bbp_total_reply_count":0,"_bbp_voice_count":0,"_bbp_anonymous_reply_count":0,"_bbp_topic_count_hidden":0,"_bbp_reply_count_hidden":0,"_bbp_forum_subforum_count":0,"footnotes":""},"categories":[105],"tags":[],"class_list":["post-1291","post","type-post","status-publish","format-standard","hentry","category-mitja"],"post_mailing_queue_ids":[],"_links":{"self":[{"href":"https:\/\/agora.xtec.cat\/escolabacdecerdanya\/wp-json\/wp\/v2\/posts\/1291","targetHints":{"allow":["GET"]}}],"collection":[{"href":"https:\/\/agora.xtec.cat\/escolabacdecerdanya\/wp-json\/wp\/v2\/posts"}],"about":[{"href":"https:\/\/agora.xtec.cat\/escolabacdecerdanya\/wp-json\/wp\/v2\/types\/post"}],"author":[{"embeddable":true,"href":"https:\/\/agora.xtec.cat\/escolabacdecerdanya\/wp-json\/wp\/v2\/users\/21"}],"replies":[{"embeddable":true,"href":"https:\/\/agora.xtec.cat\/escolabacdecerdanya\/wp-json\/wp\/v2\/comments?post=1291"}],"version-history":[{"count":1,"href":"https:\/\/agora.xtec.cat\/escolabacdecerdanya\/wp-json\/wp\/v2\/posts\/1291\/revisions"}],"predecessor-version":[{"id":1433,"href":"https:\/\/agora.xtec.cat\/escolabacdecerdanya\/wp-json\/wp\/v2\/posts\/1291\/revisions\/1433"}],"wp:attachment":[{"href":"https:\/\/agora.xtec.cat\/escolabacdecerdanya\/wp-json\/wp\/v2\/media?parent=1291"}],"wp:term":[{"taxonomy":"category","embeddable":true,"href":"https:\/\/agora.xtec.cat\/escolabacdecerdanya\/wp-json\/wp\/v2\/categories?post=1291"},{"taxonomy":"post_tag","embeddable":true,"href":"https:\/\/agora.xtec.cat\/escolabacdecerdanya\/wp-json\/wp\/v2\/tags?post=1291"}],"curies":[{"name":"wp","href":"https:\/\/api.w.org\/{rel}","templated":true}]}}