{"id":1290,"date":"2016-03-05T21:44:00","date_gmt":"2016-03-05T20:44:00","guid":{"rendered":"http:\/\/agora.xtec.cat\/escolabacdecerdanya\/general\/lalimentacio\/"},"modified":"2019-09-09T19:37:53","modified_gmt":"2019-09-09T17:37:53","slug":"lalimentacio","status":"publish","type":"post","link":"https:\/\/agora.xtec.cat\/escolabacdecerdanya\/mitja\/lalimentacio\/","title":{"rendered":"L&#8217;ALIMENTACI\u00d3"},"content":{"rendered":"<p><span style=\"font-family: &quot;arial&quot; , &quot;helvetica&quot; , sans-serif;\">Us preocupa l&#8217;alimentaci\u00f3 dels vostres fills?<br \/>En el seg\u00fcent enlla\u00e7 trobareu un v\u00eddeo d&#8217;una dietista que d\u00f3na una s\u00e8rie de consells i orientacions per crear uns h\u00e0bits d&#8217;alimentaci\u00f3 saludables. Esperem que us siguin \u00fatils.<\/span><br \/><span style=\"font-family: &quot;arial&quot; , &quot;helvetica&quot; , sans-serif; font-size: large;\"><br \/><\/span><span style=\"font-family: &quot;arial&quot; , &quot;helvetica&quot; , sans-serif; font-size: large;\"><a href=\"http:\/\/familiaiescola.gencat.cat\/ca\/recomanacions\/recomanacions\/alimentacio\/\">http:\/\/familiaiescola.gencat.cat\/ca\/recomanacions\/recomanacions\/alimentacio\/<\/a><\/span><\/p>\n<p><a href=\"http:\/\/blogs.uab.cat\/safuab\/files\/2013\/02\/Alimentos-que-favorecen-la-salud-542122181.jpg\"><img loading=\"lazy\" decoding=\"async\" border=\"0\" height=\"258\" src=\"http:\/\/blogs.uab.cat\/safuab\/files\/2013\/02\/Alimentos-que-favorecen-la-salud-542122181.jpg\" width=\"320\" \/><\/a><\/p>\n","protected":false},"excerpt":{"rendered":"<p>Us preocupa l&#8217;alimentaci\u00f3 dels vostres fills?En el seg\u00fcent enlla\u00e7 trobareu un v\u00eddeo d&#8217;una dietista que d\u00f3na una s\u00e8rie de consells i orientacions per crear uns h\u00e0bits d&#8217;alimentaci\u00f3 saludables. Esperem que us siguin \u00fatils.<a href=\"http:\/\/familiaiescola.gencat.cat\/ca\/recomanacions\/recomanacions\/alimentacio\/\">http:\/\/familiaiescola.gencat.cat\/ca\/recomanacions\/recomanacions\/alimentacio\/<\/a><br \/>\n<a href=\"http:\/\/blogs.uab.cat\/safuab\/files\/2013\/02\/Alimentos-que-favorecen-la-salud-542122181.jpg\"><\/a><\/p>\n","protected":false},"author":21,"featured_media":0,"comment_status":"open","ping_status":"closed","sticky":false,"template":"","format":"standard","meta":{"_bbp_topic_count":0,"_bbp_reply_count":0,"_bbp_total_topic_count":0,"_bbp_total_reply_count":0,"_bbp_voice_count":0,"_bbp_anonymous_reply_count":0,"_bbp_topic_count_hidden":0,"_bbp_reply_count_hidden":0,"_bbp_forum_subforum_count":0,"footnotes":""},"categories":[105],"tags":[],"class_list":["post-1290","post","type-post","status-publish","format-standard","hentry","category-mitja"],"post_mailing_queue_ids":[],"_links":{"self":[{"href":"https:\/\/agora.xtec.cat\/escolabacdecerdanya\/wp-json\/wp\/v2\/posts\/1290","targetHints":{"allow":["GET"]}}],"collection":[{"href":"https:\/\/agora.xtec.cat\/escolabacdecerdanya\/wp-json\/wp\/v2\/posts"}],"about":[{"href":"https:\/\/agora.xtec.cat\/escolabacdecerdanya\/wp-json\/wp\/v2\/types\/post"}],"author":[{"embeddable":true,"href":"https:\/\/agora.xtec.cat\/escolabacdecerdanya\/wp-json\/wp\/v2\/users\/21"}],"replies":[{"embeddable":true,"href":"https:\/\/agora.xtec.cat\/escolabacdecerdanya\/wp-json\/wp\/v2\/comments?post=1290"}],"version-history":[{"count":1,"href":"https:\/\/agora.xtec.cat\/escolabacdecerdanya\/wp-json\/wp\/v2\/posts\/1290\/revisions"}],"predecessor-version":[{"id":1432,"href":"https:\/\/agora.xtec.cat\/escolabacdecerdanya\/wp-json\/wp\/v2\/posts\/1290\/revisions\/1432"}],"wp:attachment":[{"href":"https:\/\/agora.xtec.cat\/escolabacdecerdanya\/wp-json\/wp\/v2\/media?parent=1290"}],"wp:term":[{"taxonomy":"category","embeddable":true,"href":"https:\/\/agora.xtec.cat\/escolabacdecerdanya\/wp-json\/wp\/v2\/categories?post=1290"},{"taxonomy":"post_tag","embeddable":true,"href":"https:\/\/agora.xtec.cat\/escolabacdecerdanya\/wp-json\/wp\/v2\/tags?post=1290"}],"curies":[{"name":"wp","href":"https:\/\/api.w.org\/{rel}","templated":true}]}}