{"id":1275,"date":"2016-09-29T14:11:00","date_gmt":"2016-09-29T12:11:00","guid":{"rendered":"http:\/\/agora.xtec.cat\/escolabacdecerdanya\/general\/setembre-comencem\/"},"modified":"2019-09-09T19:38:16","modified_gmt":"2019-09-09T17:38:16","slug":"setembre-comencem","status":"publish","type":"post","link":"https:\/\/agora.xtec.cat\/escolabacdecerdanya\/mitja\/3r\/setembre-comencem\/","title":{"rendered":"SETEMBRE&#8230; COMENCEM!"},"content":{"rendered":"<p><span style=\"font-family: &quot;verdana&quot; , sans-serif;\">Hola fam\u00edlies de tercer,<\/span><br \/><span style=\"font-family: &quot;verdana&quot; , sans-serif;\"><br \/><\/span><span style=\"font-family: &quot;verdana&quot; , sans-serif;\">ara ja portem tres setmanes d&#8217;escola, com passa el temps! I sembla que va ser ahir qu<span style=\"font-family: &quot;verdana&quot; , sans-serif;\">an<\/span> entr\u00e0vem per primer cop a la nova aula, pujant al pis de dalt (ja!) amb les motxilles plenes. <\/span><\/p>\n<div style=\"text-align: justify;\"><span style=\"font-family: &quot;verdana&quot; , sans-serif;\">Els primers dies suposen un retrobament dins de la comunitat educativa de l\u2019escola, s\u00f3n dies on alumnat, professorat, pares, mares&#8230; ens tornem a veure despr\u00e9s de molts dies de descans.<\/span><\/div>\n<p><span style=\"font-family: &quot;verdana&quot; , sans-serif;\"><span lang=\"CA\">S\u00f3n dies on es mesclen moltes emocions i sentiments: alegria, il\u00b7lusi\u00f3, felicitat, amor, excitaci\u00f3, nerviosisme,&#8230; i on tots i totes ens desitgem els millors pensaments vers el curs que est\u00e0 a punt de comen\u00e7ar.<\/span><\/span><\/p>\n<div style=\"clear: both; text-align: center;\"><a href=\"http:\/\/2.bp.blogspot.com\/-kg51KdDhX1I\/UFO7TqhQ28I\/AAAAAAAAAxc\/_E5rAGO-l0I\/s1600\/el+punt.jpg\" style=\"clear: right; float: right; margin-bottom: 1em; margin-left: 1em;\"><img loading=\"lazy\" decoding=\"async\" border=\"0\" height=\"190\" src=\"https:\/\/2.bp.blogspot.com\/-kg51KdDhX1I\/UFO7TqhQ28I\/AAAAAAAAAxc\/_E5rAGO-l0I\/s200\/el+punt.jpg\" width=\"200\" \/><\/a><\/div>\n<p><span style=\"font-family: &quot;verdana&quot; , sans-serif;\"><span lang=\"CA\">Una de les activitats que vam fer va ser visualitzar el conte titulat \u201c<b><a href=\"http:\/\/sol-e.com\/motor.php?id_seccion=2&amp;subsec=44&amp;id_libro=5460&amp;ensec=2\" target=\"_blank\" rel=\"noopener noreferrer\"><span style=\"color: #cc0000;\">El punt<\/span><\/a><\/b>\u201d de l&#8217;escriptor i il\u00b7lustrador <a href=\"http:\/\/www.peterhreynolds.com\/\" target=\"_blank\" rel=\"noopener noreferrer\"><span style=\"color: #cc0000;\"><b>Peter H. Reynolds<\/b><\/span><\/a>, <\/span><\/span><span style=\"font-family: &quot;verdana&quot; , sans-serif;\"><span lang=\"CA\"><span lang=\"CA\">i a partir d&#8217;aquest, vam explorar la pr\u00f2pia creativitat i imaginaci\u00f3 en relaci\u00f3 amb els nostres pensaments i desitjos en els primers dies d\u2019escola.<\/span><\/span><\/span><\/p>\n<p><span style=\"font-family: &quot;verdana&quot; , sans-serif;\"><span lang=\"CA\"><span lang=\"CA\">I aix\u00ed ens va quedar:<\/span><\/span><\/span><\/p>\n<div style=\"clear: both; text-align: center;\"><a href=\"https:\/\/2.bp.blogspot.com\/-eYdB2uYFgVk\/V-0E4Mgm87I\/AAAAAAAADWY\/RR5RAW3Y1_kqq-nc8KqIcDz7SpXOiEwWgCLcB\/s1600\/20160923_131546.jpg\" style=\"margin-left: 1em; margin-right: 1em;\"><img loading=\"lazy\" decoding=\"async\" border=\"0\" height=\"240\" src=\"https:\/\/2.bp.blogspot.com\/-eYdB2uYFgVk\/V-0E4Mgm87I\/AAAAAAAADWY\/RR5RAW3Y1_kqq-nc8KqIcDz7SpXOiEwWgCLcB\/s320\/20160923_131546.jpg\" width=\"320\" \/><\/a><\/div>\n<p><span style=\"color: #6aa84f;\"><span style=\"font-family: Verdana,sans-serif;\"><span lang=\"CA\">La uni\u00f3 de tots els punts \u00e9s el conjunt: L&#8217;ESCOLA, on tots i totes tenim cabuda i un lloc per sentir i poder expressar.<\/span><\/span><\/span><br \/><span style=\"color: #6aa84f;\"><span style=\"font-family: Verdana,sans-serif;\"><span lang=\"CA\"><span style=\"color: black;\">Esperem impacients els vostres punts, pares i mares, amb els desitjos per als vostres fills i filles per aquest curs! <\/span><\/span><\/span><\/span><\/p>\n<p><span style=\"font-family: &quot;verdana&quot; , sans-serif;\"><span lang=\"CA\">&nbsp;<\/span><\/span><span style=\"font-family: &quot;verdana&quot; , sans-serif;\"><span lang=\"CA\"> <\/span><\/span><\/p>\n","protected":false},"excerpt":{"rendered":"<p>Hola fam\u00edlies de tercer,ara ja portem tres setmanes d&#8217;escola, com passa el temps! I sembla que va ser ahir quan entr\u00e0vem per primer cop a la nova aula, pujant al pis de dalt (ja!) amb les motxilles plenes.<br \/>\nEls primers dies suposen un retrobament dins&hellip;  <a href=\"https:\/\/agora.xtec.cat\/escolabacdecerdanya\/mitja\/3r\/setembre-comencem\/\" title=\"Read SETEMBRE&#8230; COMENCEM!\">Llegeix m\u00e9s\u00bb<\/a><\/p>\n","protected":false},"author":21,"featured_media":0,"comment_status":"open","ping_status":"closed","sticky":false,"template":"","format":"standard","meta":{"_bbp_topic_count":0,"_bbp_reply_count":0,"_bbp_total_topic_count":0,"_bbp_total_reply_count":0,"_bbp_voice_count":0,"_bbp_anonymous_reply_count":0,"_bbp_topic_count_hidden":0,"_bbp_reply_count_hidden":0,"_bbp_forum_subforum_count":0,"footnotes":""},"categories":[12,105],"tags":[],"class_list":["post-1275","post","type-post","status-publish","format-standard","hentry","category-3r","category-mitja"],"post_mailing_queue_ids":[],"_links":{"self":[{"href":"https:\/\/agora.xtec.cat\/escolabacdecerdanya\/wp-json\/wp\/v2\/posts\/1275","targetHints":{"allow":["GET"]}}],"collection":[{"href":"https:\/\/agora.xtec.cat\/escolabacdecerdanya\/wp-json\/wp\/v2\/posts"}],"about":[{"href":"https:\/\/agora.xtec.cat\/escolabacdecerdanya\/wp-json\/wp\/v2\/types\/post"}],"author":[{"embeddable":true,"href":"https:\/\/agora.xtec.cat\/escolabacdecerdanya\/wp-json\/wp\/v2\/users\/21"}],"replies":[{"embeddable":true,"href":"https:\/\/agora.xtec.cat\/escolabacdecerdanya\/wp-json\/wp\/v2\/comments?post=1275"}],"version-history":[{"count":1,"href":"https:\/\/agora.xtec.cat\/escolabacdecerdanya\/wp-json\/wp\/v2\/posts\/1275\/revisions"}],"predecessor-version":[{"id":1437,"href":"https:\/\/agora.xtec.cat\/escolabacdecerdanya\/wp-json\/wp\/v2\/posts\/1275\/revisions\/1437"}],"wp:attachment":[{"href":"https:\/\/agora.xtec.cat\/escolabacdecerdanya\/wp-json\/wp\/v2\/media?parent=1275"}],"wp:term":[{"taxonomy":"category","embeddable":true,"href":"https:\/\/agora.xtec.cat\/escolabacdecerdanya\/wp-json\/wp\/v2\/categories?post=1275"},{"taxonomy":"post_tag","embeddable":true,"href":"https:\/\/agora.xtec.cat\/escolabacdecerdanya\/wp-json\/wp\/v2\/tags?post=1275"}],"curies":[{"name":"wp","href":"https:\/\/api.w.org\/{rel}","templated":true}]}}