{"id":1274,"date":"2016-10-03T18:36:00","date_gmt":"2016-10-03T16:36:00","guid":{"rendered":"http:\/\/agora.xtec.cat\/escolabacdecerdanya\/general\/sortida-amb-bicicleta\/"},"modified":"2019-09-09T19:38:37","modified_gmt":"2019-09-09T17:38:37","slug":"sortida-amb-bicicleta","status":"publish","type":"post","link":"https:\/\/agora.xtec.cat\/escolabacdecerdanya\/general\/sortida-amb-bicicleta\/","title":{"rendered":"SORTIDA AMB BICICLETA"},"content":{"rendered":"<div style=\"text-align: justify;\"><span lang=\"CA\"><span style=\"font-family: &quot;trebuchet ms&quot; , sans-serif;\">Avui hem fet una magn\u00edfica excursi\u00f3 a la Bassa de Sanavastre i la llera del riu Segre. Una bi\u00f2loga ens ha explicat moltes peculiaritats sobre la bassa i hem gaudit pedalant de la nostra comarca. Esport i aprenentatge en la millor companyia! Un dia genial!<o:p><\/o:p><\/span><\/span><\/div>\n<div style=\"text-align: justify;\"><span lang=\"CA\"><span style=\"font-family: &quot;trebuchet ms&quot; , sans-serif;\"><br \/><\/span><\/span><\/div>\n<div style=\"clear: both; text-align: center;\"><a href=\"https:\/\/goo.gl\/photos\/JmMyafKp8dDQe7T1A\"><img loading=\"lazy\" decoding=\"async\" border=\"0\" height=\"244\" src=\"https:\/\/4.bp.blogspot.com\/-mgiOjRSHizQ\/V_KI8DMQ1KI\/AAAAAAAADXA\/7uOtY5icoFQCdpJQUcdtCgPhjYjB-NQuACLcB\/s320\/ebcm.png\" width=\"320\" \/><\/a><\/div>\n<div style=\"text-align: center;\"><span style=\"font-family: &quot;trebuchet ms&quot; , sans-serif;\"><i>Cliqueu la imatge per veure les fotos!<\/i><\/span><\/div>\n","protected":false},"excerpt":{"rendered":"<p>Avui hem fet una magn\u00edfica excursi\u00f3 a la Bassa de Sanavastre i la llera del riu Segre. Una bi\u00f2loga ens ha explicat moltes peculiaritats sobre la bassa i hem gaudit pedalant de la nostra comarca. Esport i aprenentatge en la millor companyia! Un dia genial!<\/p>\n<p><a&hellip;  <a href=\"https:\/\/agora.xtec.cat\/escolabacdecerdanya\/general\/sortida-amb-bicicleta\/\" title=\"Read SORTIDA AMB BICICLETA\">Llegeix m\u00e9s\u00bb<\/a><\/p>\n","protected":false},"author":21,"featured_media":0,"comment_status":"open","ping_status":"closed","sticky":false,"template":"","format":"standard","meta":{"_bbp_topic_count":0,"_bbp_reply_count":0,"_bbp_total_topic_count":0,"_bbp_total_reply_count":0,"_bbp_voice_count":0,"_bbp_anonymous_reply_count":0,"_bbp_topic_count_hidden":0,"_bbp_reply_count_hidden":0,"_bbp_forum_subforum_count":0,"footnotes":""},"categories":[105,1],"tags":[],"class_list":["post-1274","post","type-post","status-publish","format-standard","hentry","category-mitja","category-general"],"post_mailing_queue_ids":[],"_links":{"self":[{"href":"https:\/\/agora.xtec.cat\/escolabacdecerdanya\/wp-json\/wp\/v2\/posts\/1274","targetHints":{"allow":["GET"]}}],"collection":[{"href":"https:\/\/agora.xtec.cat\/escolabacdecerdanya\/wp-json\/wp\/v2\/posts"}],"about":[{"href":"https:\/\/agora.xtec.cat\/escolabacdecerdanya\/wp-json\/wp\/v2\/types\/post"}],"author":[{"embeddable":true,"href":"https:\/\/agora.xtec.cat\/escolabacdecerdanya\/wp-json\/wp\/v2\/users\/21"}],"replies":[{"embeddable":true,"href":"https:\/\/agora.xtec.cat\/escolabacdecerdanya\/wp-json\/wp\/v2\/comments?post=1274"}],"version-history":[{"count":1,"href":"https:\/\/agora.xtec.cat\/escolabacdecerdanya\/wp-json\/wp\/v2\/posts\/1274\/revisions"}],"predecessor-version":[{"id":1456,"href":"https:\/\/agora.xtec.cat\/escolabacdecerdanya\/wp-json\/wp\/v2\/posts\/1274\/revisions\/1456"}],"wp:attachment":[{"href":"https:\/\/agora.xtec.cat\/escolabacdecerdanya\/wp-json\/wp\/v2\/media?parent=1274"}],"wp:term":[{"taxonomy":"category","embeddable":true,"href":"https:\/\/agora.xtec.cat\/escolabacdecerdanya\/wp-json\/wp\/v2\/categories?post=1274"},{"taxonomy":"post_tag","embeddable":true,"href":"https:\/\/agora.xtec.cat\/escolabacdecerdanya\/wp-json\/wp\/v2\/tags?post=1274"}],"curies":[{"name":"wp","href":"https:\/\/api.w.org\/{rel}","templated":true}]}}