{"id":1273,"date":"2016-10-13T20:33:00","date_gmt":"2016-10-13T18:33:00","guid":{"rendered":"http:\/\/agora.xtec.cat\/escolabacdecerdanya\/general\/geometria\/"},"modified":"2019-09-09T19:38:37","modified_gmt":"2019-09-09T17:38:37","slug":"geometria","status":"publish","type":"post","link":"https:\/\/agora.xtec.cat\/escolabacdecerdanya\/mitja\/3r\/geometria\/","title":{"rendered":"GEOMETRIA"},"content":{"rendered":"<p><span style=\"font-size: small;\"><span style=\"font-family: Verdana,sans-serif;\"><span style=\"font-size: x-small;\"><span style=\"font-family: Verdana,sans-serif;\"><span style=\"font-size: small;\"><span style=\"font-family: &quot;verdana&quot; , sans-serif;\"><span style=\"font-family: &quot;verdana&quot; , sans-serif;\"><span style=\"font-family: &quot;verdana&quot; , sans-serif; font-size: xx-small;\"><span style=\"font-family: &quot;trebuchet ms&quot; , sans-serif; font-size: xx-small;\"><span style=\"font-size: xx-small;\"><span style=\"font-family: &quot;trebuchet ms&quot; , sans-serif;\"><span style=\"font-family: &quot;trebuchet ms&quot; , sans-serif;\"><span style=\"font-family: &quot;arial&quot; , &quot;helvetica&quot; , sans-serif;\"><span style=\"font-size: xx-small;\"><b>Per fer geometria aixeca el cul de la cadira!<\/b>&nbsp;<\/span><\/span><\/span><\/span><\/span><\/span><\/span><\/span><\/span><\/span><\/span><\/span><\/span><\/span><br \/><span style=\"font-size: small;\"><span style=\"font-family: Verdana,sans-serif;\"><span style=\"font-size: x-small;\"><span style=\"font-family: Verdana,sans-serif;\"><span style=\"font-size: small;\"><span style=\"font-family: &quot;verdana&quot; , sans-serif;\"><span style=\"font-family: &quot;verdana&quot; , sans-serif;\"><span style=\"font-family: &quot;verdana&quot; , sans-serif; font-size: xx-small;\"><span style=\"font-family: &quot;trebuchet ms&quot; , sans-serif; font-size: xx-small;\"><span style=\"font-size: xx-small;\"><span style=\"font-family: &quot;trebuchet ms&quot; , sans-serif;\"><span style=\"font-family: &quot;trebuchet ms&quot; , sans-serif;\"><span style=\"font-family: &quot;arial&quot; , &quot;helvetica&quot; , sans-serif;\"><span style=\"font-size: xx-small;\"><br \/><\/span><\/span><\/span><\/span><\/span><\/span><\/span><\/span><\/span><\/span><\/span><\/span><\/span><\/span><span style=\"font-size: small;\"><span style=\"font-family: Verdana,sans-serif;\"><span style=\"font-size: x-small;\"><span style=\"font-family: Verdana,sans-serif;\"><span style=\"font-size: small;\"><span style=\"font-family: &quot;verdana&quot; , sans-serif;\"><span style=\"font-family: &quot;verdana&quot; , sans-serif;\"><span style=\"font-family: &quot;verdana&quot; , sans-serif; font-size: xx-small;\"><span style=\"font-family: &quot;trebuchet ms&quot; , sans-serif; font-size: xx-small;\"><span style=\"font-size: xx-small;\"><span style=\"font-family: &quot;trebuchet ms&quot; , sans-serif;\"><span style=\"font-family: &quot;trebuchet ms&quot; , sans-serif;\"><span style=\"font-family: &quot;arial&quot; , &quot;helvetica&quot; , sans-serif;\"><span style=\"font-size: xx-small;\">Comencem a endinsar-nos aquest curs en el m\u00f3n de la geometria i, primer de tot, <\/span><span style=\"font-size: xx-small;\"><span style=\"font-size: xx-small;\">ens ha calgut <\/span>posar-nos  les ulleres geom\u00e8triques per anar al pati a treballar! Hem treballat  les l\u00ednies, i hem vist que s\u00f3n, que no tenen ni principi ni final, que  poden ser rectes o corbes, que hi ha punts d&#8217;intersecci\u00f3 i regions&#8230;<\/span><\/span><\/span><\/span><\/span><\/span><\/span><\/span><\/span><\/span><\/span><\/span><\/span><\/span><br \/><span style=\"font-size: small;\"><span style=\"font-family: Verdana,sans-serif;\"><span style=\"font-size: x-small;\"><span style=\"font-family: Verdana,sans-serif;\"><span style=\"font-size: small;\"><span style=\"font-family: &quot;verdana&quot; , sans-serif;\"><span style=\"font-family: &quot;verdana&quot; , sans-serif;\"><span style=\"font-family: &quot;verdana&quot; , sans-serif; font-size: xx-small;\"><span style=\"font-family: &quot;trebuchet ms&quot; , sans-serif; font-size: xx-small;\"><span style=\"font-size: xx-small;\"><span style=\"font-family: &quot;trebuchet ms&quot; , sans-serif;\"><span style=\"font-family: &quot;trebuchet ms&quot; , sans-serif;\"><span style=\"font-family: &quot;arial&quot; , &quot;helvetica&quot; , sans-serif;\"><span style=\"font-size: xx-small;\"><br \/><\/span><\/span><\/span><\/span><\/span><\/span><\/span><\/span><\/span><\/span><\/span><\/span><\/span><\/span><span style=\"font-size: small;\"><span style=\"font-family: Verdana,sans-serif;\"><span style=\"font-size: x-small;\"><span style=\"font-family: Verdana,sans-serif;\"><span style=\"font-size: small;\"><span style=\"font-family: &quot;verdana&quot; , sans-serif;\"><span style=\"font-family: &quot;verdana&quot; , sans-serif;\"><span style=\"font-family: &quot;verdana&quot; , sans-serif; font-size: xx-small;\"><span style=\"font-family: &quot;trebuchet ms&quot; , sans-serif; font-size: xx-small;\"><span style=\"font-size: xx-small;\"><span style=\"font-family: &quot;trebuchet ms&quot; , sans-serif;\"><span style=\"font-family: &quot;trebuchet ms&quot; , sans-serif;\"><span style=\"font-family: &quot;arial&quot; , &quot;helvetica&quot; , sans-serif;\"><span style=\"font-size: xx-small;\">I tot aix\u00f2 ho anem descobrint experimentant-ho f\u00edsicament, ens voleu veure? Cliqueu la imatge!<\/span><\/span><\/span><\/span><\/span><\/span><\/span><\/span><\/span><\/span><\/span><\/span><\/span><\/span><\/p>\n<div style=\"clear: both; text-align: center;\"><a href=\"https:\/\/goo.gl\/photos\/ebsUcRZDKsHmmmSX9\" target=\"_blank\" rel=\"noopener noreferrer\"><img loading=\"lazy\" decoding=\"async\" alt=\"https:\/\/goo.gl\/photos\/ebsUcRZDKsHmmmSX9\" border=\"0\" height=\"240\" src=\"https:\/\/1.bp.blogspot.com\/-TaEvndbAbQA\/V__S1luQ3nI\/AAAAAAAADmM\/tTkEqm-J35M8Y6x2eWJJYT3CEMx0xwSawCLcB\/s320\/20160927_115444.jpg\" width=\"320\" \/><\/a><\/div>\n","protected":false},"excerpt":{"rendered":"<p>Per fer geometria aixeca el cul de la cadira!&nbsp;Comencem a endinsar-nos aquest curs en el m\u00f3n de la geometria i, primer de tot, ens ha calgut posar-nos  les ulleres geom\u00e8triques per anar al pati a treballar! Hem treballat  les l\u00ednies, i hem vist&hellip;  <a href=\"https:\/\/agora.xtec.cat\/escolabacdecerdanya\/mitja\/3r\/geometria\/\" title=\"Read GEOMETRIA\">Llegeix m\u00e9s\u00bb<\/a><\/p>\n","protected":false},"author":21,"featured_media":0,"comment_status":"open","ping_status":"closed","sticky":false,"template":"","format":"standard","meta":{"_bbp_topic_count":0,"_bbp_reply_count":0,"_bbp_total_topic_count":0,"_bbp_total_reply_count":0,"_bbp_voice_count":0,"_bbp_anonymous_reply_count":0,"_bbp_topic_count_hidden":0,"_bbp_reply_count_hidden":0,"_bbp_forum_subforum_count":0,"footnotes":""},"categories":[12,105],"tags":[],"class_list":["post-1273","post","type-post","status-publish","format-standard","hentry","category-3r","category-mitja"],"post_mailing_queue_ids":[],"_links":{"self":[{"href":"https:\/\/agora.xtec.cat\/escolabacdecerdanya\/wp-json\/wp\/v2\/posts\/1273","targetHints":{"allow":["GET"]}}],"collection":[{"href":"https:\/\/agora.xtec.cat\/escolabacdecerdanya\/wp-json\/wp\/v2\/posts"}],"about":[{"href":"https:\/\/agora.xtec.cat\/escolabacdecerdanya\/wp-json\/wp\/v2\/types\/post"}],"author":[{"embeddable":true,"href":"https:\/\/agora.xtec.cat\/escolabacdecerdanya\/wp-json\/wp\/v2\/users\/21"}],"replies":[{"embeddable":true,"href":"https:\/\/agora.xtec.cat\/escolabacdecerdanya\/wp-json\/wp\/v2\/comments?post=1273"}],"version-history":[{"count":1,"href":"https:\/\/agora.xtec.cat\/escolabacdecerdanya\/wp-json\/wp\/v2\/posts\/1273\/revisions"}],"predecessor-version":[{"id":1455,"href":"https:\/\/agora.xtec.cat\/escolabacdecerdanya\/wp-json\/wp\/v2\/posts\/1273\/revisions\/1455"}],"wp:attachment":[{"href":"https:\/\/agora.xtec.cat\/escolabacdecerdanya\/wp-json\/wp\/v2\/media?parent=1273"}],"wp:term":[{"taxonomy":"category","embeddable":true,"href":"https:\/\/agora.xtec.cat\/escolabacdecerdanya\/wp-json\/wp\/v2\/categories?post=1273"},{"taxonomy":"post_tag","embeddable":true,"href":"https:\/\/agora.xtec.cat\/escolabacdecerdanya\/wp-json\/wp\/v2\/tags?post=1273"}],"curies":[{"name":"wp","href":"https:\/\/api.w.org\/{rel}","templated":true}]}}