{"id":1272,"date":"2016-10-13T21:07:00","date_gmt":"2016-10-13T19:07:00","guid":{"rendered":"http:\/\/agora.xtec.cat\/escolabacdecerdanya\/general\/prenem-consciencia\/"},"modified":"2019-09-09T19:38:37","modified_gmt":"2019-09-09T17:38:37","slug":"prenem-consciencia","status":"publish","type":"post","link":"https:\/\/agora.xtec.cat\/escolabacdecerdanya\/mitja\/3r\/prenem-consciencia\/","title":{"rendered":"PRENEM CONSCI\u00c8NCIA!"},"content":{"rendered":"<p><span style=\"font-family: &quot;verdana&quot; , sans-serif;\">Arran de la visita a la bassa de Sanavastre, vam veure, a part dels \u00e9ssers vius que habiten all\u00e0, moltes deixalles que ha llan\u00e7at i continua llan\u00e7ant la gent, tot i haver un cartell que demana no tirar-ne.&nbsp;<\/span><\/p>\n<p><span style=\"font-family: &quot;verdana&quot; , sans-serif;\">Per aix\u00f2 els nens i nenes de tercer i quart vam pensar i crear uns cartells per intentar conv\u00e8ncer a tothom de la import\u00e0ncia de no tirar deixalles a la bassa!<\/span><\/p>\n<div style=\"clear: both; text-align: center;\"><a href=\"https:\/\/goo.gl\/photos\/VCawKiwn5BJSnfDG9\" target=\"_blank\" rel=\"noopener noreferrer\"><img loading=\"lazy\" decoding=\"async\" alt=\"https:\/\/goo.gl\/photos\/VCawKiwn5BJSnfDG9\" border=\"0\" height=\"240\" src=\"https:\/\/2.bp.blogspot.com\/-fix8eXOiGH8\/V__Zc4Vq5II\/AAAAAAAADmo\/1o5aMJEU_Z0EDO4fubpywzVxKgYlMvrigCLcB\/s320\/20161007_154822.jpg\" width=\"320\" \/><\/a><\/div>\n","protected":false},"excerpt":{"rendered":"<p>Arran de la visita a la bassa de Sanavastre, vam veure, a part dels \u00e9ssers vius que habiten all\u00e0, moltes deixalles que ha llan\u00e7at i continua llan\u00e7ant la gent, tot i haver un cartell que demana no tirar-ne.&nbsp;<br \/>\nPer aix\u00f2 els nens i nenes de tercer&hellip;  <a href=\"https:\/\/agora.xtec.cat\/escolabacdecerdanya\/mitja\/3r\/prenem-consciencia\/\" title=\"Read PRENEM CONSCI\u00c8NCIA!\">Llegeix m\u00e9s\u00bb<\/a><\/p>\n","protected":false},"author":21,"featured_media":0,"comment_status":"open","ping_status":"closed","sticky":false,"template":"","format":"standard","meta":{"_bbp_topic_count":0,"_bbp_reply_count":0,"_bbp_total_topic_count":0,"_bbp_total_reply_count":0,"_bbp_voice_count":0,"_bbp_anonymous_reply_count":0,"_bbp_topic_count_hidden":0,"_bbp_reply_count_hidden":0,"_bbp_forum_subforum_count":0,"footnotes":""},"categories":[12,13,105],"tags":[],"class_list":["post-1272","post","type-post","status-publish","format-standard","hentry","category-3r","category-4t","category-mitja"],"post_mailing_queue_ids":[],"_links":{"self":[{"href":"https:\/\/agora.xtec.cat\/escolabacdecerdanya\/wp-json\/wp\/v2\/posts\/1272","targetHints":{"allow":["GET"]}}],"collection":[{"href":"https:\/\/agora.xtec.cat\/escolabacdecerdanya\/wp-json\/wp\/v2\/posts"}],"about":[{"href":"https:\/\/agora.xtec.cat\/escolabacdecerdanya\/wp-json\/wp\/v2\/types\/post"}],"author":[{"embeddable":true,"href":"https:\/\/agora.xtec.cat\/escolabacdecerdanya\/wp-json\/wp\/v2\/users\/21"}],"replies":[{"embeddable":true,"href":"https:\/\/agora.xtec.cat\/escolabacdecerdanya\/wp-json\/wp\/v2\/comments?post=1272"}],"version-history":[{"count":1,"href":"https:\/\/agora.xtec.cat\/escolabacdecerdanya\/wp-json\/wp\/v2\/posts\/1272\/revisions"}],"predecessor-version":[{"id":1454,"href":"https:\/\/agora.xtec.cat\/escolabacdecerdanya\/wp-json\/wp\/v2\/posts\/1272\/revisions\/1454"}],"wp:attachment":[{"href":"https:\/\/agora.xtec.cat\/escolabacdecerdanya\/wp-json\/wp\/v2\/media?parent=1272"}],"wp:term":[{"taxonomy":"category","embeddable":true,"href":"https:\/\/agora.xtec.cat\/escolabacdecerdanya\/wp-json\/wp\/v2\/categories?post=1272"},{"taxonomy":"post_tag","embeddable":true,"href":"https:\/\/agora.xtec.cat\/escolabacdecerdanya\/wp-json\/wp\/v2\/tags?post=1272"}],"curies":[{"name":"wp","href":"https:\/\/api.w.org\/{rel}","templated":true}]}}