{"id":1271,"date":"2016-11-02T20:39:00","date_gmt":"2016-11-02T19:39:00","guid":{"rendered":"http:\/\/agora.xtec.cat\/escolabacdecerdanya\/general\/fem-panellets-per-la-castanyada\/"},"modified":"2019-09-09T19:38:37","modified_gmt":"2019-09-09T17:38:37","slug":"fem-panellets-per-la-castanyada","status":"publish","type":"post","link":"https:\/\/agora.xtec.cat\/escolabacdecerdanya\/mitja\/3r\/fem-panellets-per-la-castanyada\/","title":{"rendered":"FEM PANELLETS PER LA CASTANYADA!!"},"content":{"rendered":"<p><\/p>\n<div style=\"text-align: justify;\"><span style=\"font-family: &quot;verdana&quot; , sans-serif;\"><span style=\"font-size: small;\">Enmig d&#8217;aquesta fant\u00e0stica estaci\u00f3, la<span style=\"color: orange;\"> <b>tardor<\/b><\/span>, ens trobem la Castanyada,&nbsp;<\/span><\/span><span style=\"font-family: &quot;verdana&quot; , sans-serif;\"><span style=\"font-size: small;\"><span style=\"color: black;\"> festa popular de Catalunya que se celebra el dia de Tots Sants i que prov\u00e9 d\u2019una antiga festa ritual funer\u00e0ria que consisteix en un \u00e0pat en qu\u00e8 es mengen castanyes, panellets, moniatos i fruita confitada.<\/span> <\/span><\/span><\/div>\n<div style=\"text-align: justify;\"><\/div>\n<div style=\"text-align: justify;\"><span style=\"font-family: &quot;verdana&quot; , sans-serif;\"><span style=\"font-size: small;\">A l&#8217;escola la vam celebrar la setmana passada i com cada any vam fer uns panellets&#8230;. ens ho v\u00e0rem passar teta i ens van sortir uns panellets bon\u00edssims! Ens voleu veure?&nbsp;<\/span><\/span><\/div>\n<div style=\"text-align: justify;\"><\/div>\n<div style=\"clear: both; text-align: center;\"><span style=\"font-size: small; margin-left: 1em; margin-right: 1em;\"><a href=\"https:\/\/goo.gl\/photos\/ipMP3HuZNSv1ZyP57\" target=\"_blank\" rel=\"noopener noreferrer\"><img loading=\"lazy\" decoding=\"async\" alt=\"https:\/\/photos.google.com\/album\/AF1QipMJvi6jre486Ljw7hAH8OxpJU1FtzQ74f5-mZTs\/photo\/AF1QipNl0e0TM5REThxgF2VQSzPi9jvtW0kSuBjE4Zl1\" class=\"SzDcob\" height=\"238\" src=\"https:\/\/lh3.googleusercontent.com\/tEzrNtZafMIZc7Ya9Wd5w1lrc-aVunfMFJS90p-WREl2YSebNTh8u3qGGT6t8RsngG1hv1_Sw_32ZQZ0HYoea10aXNHK8Q8DOhVEjMM2uE2eomBVhPH_zA9AVfk-PARyxTTaMiYEZddDxp9-E8XHP1ylrA7wDOeWsHbVq_drhoQ4Js30t7qkVSz0NlQaHeK0TWYGnlJ3X3UfZwxbiGeqKw_r2E9P0U5958DVqM_9uLDkexzFDcyqH1NDb7YgT57LG-cRlqYoE2tCtXU7ZiH6tGWX5BUEQVGBDqvReMXI0frpVmcl91T3pPACiMG7rZbHOh1TqZQKEnU5C8Fw-ipyUKceqkYJ_84sA_ZWNYRT0LzCQTR0iHqO5OwY2tYBsqV6a2tX9fbbA8uaesECAR8coJRFYXu5wfQJf8TgMxt9_9Jq00N4yLErDPIh_xAVLraxR3zrkZnd1cpjyp6HCetjQnf9PCcKxgu_wHiqsUY10qzTCJTGlcZ7o3m-RTQc23DnraKrHEmZgi-Ld1kHKJrz_NLG_9bejkEPrjIYRmX0YTN3OpjEGhKnZJSGmTxnF8KUtRTdxTlCiA3t3-ZM9UKygruihWbdTYjM_vElKZUcAUSY2QiI=w879-h659-no\" style=\"transform: translate3d(0px, 0px, 0px) rotate(0deg);\" width=\"320\" \/><\/a> <\/span><\/div>\n<div style=\"text-align: justify;\"><span style=\"font-family: &quot;verdana&quot; , sans-serif;\"><\/span><\/div>\n","protected":false},"excerpt":{"rendered":"<p>Enmig d&#8217;aquesta fant\u00e0stica estaci\u00f3, la tardor, ens trobem la Castanyada,&nbsp; festa popular de Catalunya que se celebra el dia de Tots Sants i que prov\u00e9 d\u2019una antiga festa ritual funer\u00e0ria que consisteix en un \u00e0pat en qu\u00e8 es mengen castanyes, panellets, moniatos i fruita confitada.&hellip;  <a href=\"https:\/\/agora.xtec.cat\/escolabacdecerdanya\/mitja\/3r\/fem-panellets-per-la-castanyada\/\" title=\"Read FEM PANELLETS PER LA CASTANYADA!!\">Llegeix m\u00e9s\u00bb<\/a><\/p>\n","protected":false},"author":21,"featured_media":0,"comment_status":"open","ping_status":"closed","sticky":false,"template":"","format":"standard","meta":{"_bbp_topic_count":0,"_bbp_reply_count":0,"_bbp_total_topic_count":0,"_bbp_total_reply_count":0,"_bbp_voice_count":0,"_bbp_anonymous_reply_count":0,"_bbp_topic_count_hidden":0,"_bbp_reply_count_hidden":0,"_bbp_forum_subforum_count":0,"footnotes":""},"categories":[12,13,105],"tags":[],"class_list":["post-1271","post","type-post","status-publish","format-standard","hentry","category-3r","category-4t","category-mitja"],"post_mailing_queue_ids":[],"_links":{"self":[{"href":"https:\/\/agora.xtec.cat\/escolabacdecerdanya\/wp-json\/wp\/v2\/posts\/1271","targetHints":{"allow":["GET"]}}],"collection":[{"href":"https:\/\/agora.xtec.cat\/escolabacdecerdanya\/wp-json\/wp\/v2\/posts"}],"about":[{"href":"https:\/\/agora.xtec.cat\/escolabacdecerdanya\/wp-json\/wp\/v2\/types\/post"}],"author":[{"embeddable":true,"href":"https:\/\/agora.xtec.cat\/escolabacdecerdanya\/wp-json\/wp\/v2\/users\/21"}],"replies":[{"embeddable":true,"href":"https:\/\/agora.xtec.cat\/escolabacdecerdanya\/wp-json\/wp\/v2\/comments?post=1271"}],"version-history":[{"count":1,"href":"https:\/\/agora.xtec.cat\/escolabacdecerdanya\/wp-json\/wp\/v2\/posts\/1271\/revisions"}],"predecessor-version":[{"id":1453,"href":"https:\/\/agora.xtec.cat\/escolabacdecerdanya\/wp-json\/wp\/v2\/posts\/1271\/revisions\/1453"}],"wp:attachment":[{"href":"https:\/\/agora.xtec.cat\/escolabacdecerdanya\/wp-json\/wp\/v2\/media?parent=1271"}],"wp:term":[{"taxonomy":"category","embeddable":true,"href":"https:\/\/agora.xtec.cat\/escolabacdecerdanya\/wp-json\/wp\/v2\/categories?post=1271"},{"taxonomy":"post_tag","embeddable":true,"href":"https:\/\/agora.xtec.cat\/escolabacdecerdanya\/wp-json\/wp\/v2\/tags?post=1271"}],"curies":[{"name":"wp","href":"https:\/\/api.w.org\/{rel}","templated":true}]}}