{"id":1270,"date":"2016-11-02T21:03:00","date_gmt":"2016-11-02T20:03:00","guid":{"rendered":"http:\/\/agora.xtec.cat\/escolabacdecerdanya\/general\/actuacio-musical-a-la-classe-dels-guaps\/"},"modified":"2019-09-09T19:38:36","modified_gmt":"2019-09-09T17:38:36","slug":"actuacio-musical-a-la-classe-dels-guaps","status":"publish","type":"post","link":"https:\/\/agora.xtec.cat\/escolabacdecerdanya\/mitja\/3r\/actuacio-musical-a-la-classe-dels-guaps\/","title":{"rendered":"ACTUACI\u00d3 MUSICAL A LA CLASSE DELS &#8220;GUAP@S&#8221;"},"content":{"rendered":"<p><span style=\"font-family: &quot;verdana&quot; , sans-serif;\">La setmana passada vam tenir una actuaci\u00f3 molt especial&#8230; En Gil ens va tocar l&#8217;acordi\u00f3 a classe! Vam quedar tots bocabadats, toca molt b\u00e9! Gr\u00e0cies per compartir-ho amb nosaltres Gi<span style=\"font-family: &quot;verdana&quot; , sans-serif;\">l ens va agradar molt.<\/span> <\/span><\/p>\n<div style=\"clear: both; text-align: center;\"><object contentid=\"a901b342eff08137\" height=\"266\" width=\"320\"><\/object><\/div>\n<p><\/p>\n","protected":false},"excerpt":{"rendered":"<p>La setmana passada vam tenir una actuaci\u00f3 molt especial&#8230; En Gil ens va tocar l&#8217;acordi\u00f3 a classe! Vam quedar tots bocabadats, toca molt b\u00e9! Gr\u00e0cies per compartir-ho amb nosaltres Gil ens va agradar molt. <\/p>\n","protected":false},"author":21,"featured_media":0,"comment_status":"open","ping_status":"closed","sticky":false,"template":"","format":"standard","meta":{"_bbp_topic_count":0,"_bbp_reply_count":0,"_bbp_total_topic_count":0,"_bbp_total_reply_count":0,"_bbp_voice_count":0,"_bbp_anonymous_reply_count":0,"_bbp_topic_count_hidden":0,"_bbp_reply_count_hidden":0,"_bbp_forum_subforum_count":0,"footnotes":""},"categories":[12,105],"tags":[],"class_list":["post-1270","post","type-post","status-publish","format-standard","hentry","category-3r","category-mitja"],"post_mailing_queue_ids":[],"_links":{"self":[{"href":"https:\/\/agora.xtec.cat\/escolabacdecerdanya\/wp-json\/wp\/v2\/posts\/1270","targetHints":{"allow":["GET"]}}],"collection":[{"href":"https:\/\/agora.xtec.cat\/escolabacdecerdanya\/wp-json\/wp\/v2\/posts"}],"about":[{"href":"https:\/\/agora.xtec.cat\/escolabacdecerdanya\/wp-json\/wp\/v2\/types\/post"}],"author":[{"embeddable":true,"href":"https:\/\/agora.xtec.cat\/escolabacdecerdanya\/wp-json\/wp\/v2\/users\/21"}],"replies":[{"embeddable":true,"href":"https:\/\/agora.xtec.cat\/escolabacdecerdanya\/wp-json\/wp\/v2\/comments?post=1270"}],"version-history":[{"count":1,"href":"https:\/\/agora.xtec.cat\/escolabacdecerdanya\/wp-json\/wp\/v2\/posts\/1270\/revisions"}],"predecessor-version":[{"id":1452,"href":"https:\/\/agora.xtec.cat\/escolabacdecerdanya\/wp-json\/wp\/v2\/posts\/1270\/revisions\/1452"}],"wp:attachment":[{"href":"https:\/\/agora.xtec.cat\/escolabacdecerdanya\/wp-json\/wp\/v2\/media?parent=1270"}],"wp:term":[{"taxonomy":"category","embeddable":true,"href":"https:\/\/agora.xtec.cat\/escolabacdecerdanya\/wp-json\/wp\/v2\/categories?post=1270"},{"taxonomy":"post_tag","embeddable":true,"href":"https:\/\/agora.xtec.cat\/escolabacdecerdanya\/wp-json\/wp\/v2\/tags?post=1270"}],"curies":[{"name":"wp","href":"https:\/\/api.w.org\/{rel}","templated":true}]}}