{"id":1269,"date":"2016-11-02T21:22:00","date_gmt":"2016-11-02T20:22:00","guid":{"rendered":"http:\/\/agora.xtec.cat\/escolabacdecerdanya\/general\/celebrem-la-castanyada-4\/"},"modified":"2019-09-09T19:38:36","modified_gmt":"2019-09-09T17:38:36","slug":"celebrem-la-castanyada-4","status":"publish","type":"post","link":"https:\/\/agora.xtec.cat\/escolabacdecerdanya\/mitja\/3r\/celebrem-la-castanyada-4\/","title":{"rendered":"CELEBREM LA CASTANYADA!"},"content":{"rendered":"<div style=\"text-align: justify;\"><span style=\"font-family: &quot;verdana&quot; , sans-serif;\">Divendres passat 28 d&#8217;octubre vam celebrar la Castanyada a l&#8217;escola i ho v\u00e0rem fer ballant unes magn\u00edfiques danses i menjant uns bon\u00edssims panellets i castanyes&#8230; Mireu quina patxoca qu\u00e8 f\u00e8iem!<\/span><\/div>\n<div style=\"text-align: justify;\"><\/div>\n<div style=\"clear: both; text-align: center;\"><a href=\"https:\/\/4.bp.blogspot.com\/-Vsdx1G1EaEE\/WBo8tLI9Y9I\/AAAAAAAADtU\/pUXOVHT3XeU_7SCbyAzHjBvbI23IKIyIwCLcB\/s1600\/20161028_150759.jpg\" style=\"margin-left: 1em; margin-right: 1em;\"><img loading=\"lazy\" decoding=\"async\" border=\"0\" height=\"300\" src=\"https:\/\/4.bp.blogspot.com\/-Vsdx1G1EaEE\/WBo8tLI9Y9I\/AAAAAAAADtU\/pUXOVHT3XeU_7SCbyAzHjBvbI23IKIyIwCLcB\/s400\/20161028_150759.jpg\" width=\"400\" \/><\/a><\/div>\n<p><\/p>\n<div style=\"clear: both; text-align: center;\"><a href=\"https:\/\/3.bp.blogspot.com\/-3ahoqeHo_hY\/WBo8tvwxG7I\/AAAAAAAADtc\/x1XSNDcrPUk8TqFpfhWa3yErDV7Wcue1ACLcB\/s1600\/20161028_150813.jpg\" style=\"margin-left: 1em; margin-right: 1em;\"><img loading=\"lazy\" decoding=\"async\" border=\"0\" height=\"300\" src=\"https:\/\/3.bp.blogspot.com\/-3ahoqeHo_hY\/WBo8tvwxG7I\/AAAAAAAADtc\/x1XSNDcrPUk8TqFpfhWa3yErDV7Wcue1ACLcB\/s400\/20161028_150813.jpg\" width=\"400\" \/><\/a><\/div>\n<p><\/p>\n<div style=\"clear: both; text-align: center;\"><\/div>\n<p><\/p>\n<div style=\"clear: both; text-align: center;\"><a href=\"https:\/\/2.bp.blogspot.com\/-Fo9Pjxk-ug4\/WBo8udDhpiI\/AAAAAAAADtg\/Ea72Dd0WGbUVs2394fOM8CDy58hCXsZ8wCLcB\/s1600\/20161028_151448.jpg\" style=\"margin-left: 1em; margin-right: 1em;\"><img loading=\"lazy\" decoding=\"async\" border=\"0\" height=\"300\" src=\"https:\/\/2.bp.blogspot.com\/-Fo9Pjxk-ug4\/WBo8udDhpiI\/AAAAAAAADtg\/Ea72Dd0WGbUVs2394fOM8CDy58hCXsZ8wCLcB\/s400\/20161028_151448.jpg\" width=\"400\" \/><\/a><\/div>\n<p><\/p>\n<div style=\"clear: both; text-align: center;\"><a href=\"https:\/\/3.bp.blogspot.com\/-oGDO58JTnqQ\/WBo8vGfWZ9I\/AAAAAAAADtk\/52hc1B6mkSQyIJDI2mO1mbegfsXlMlDZwCLcB\/s1600\/20161028_151705.jpg\" style=\"margin-left: 1em; margin-right: 1em;\"><img loading=\"lazy\" decoding=\"async\" border=\"0\" height=\"300\" src=\"https:\/\/3.bp.blogspot.com\/-oGDO58JTnqQ\/WBo8vGfWZ9I\/AAAAAAAADtk\/52hc1B6mkSQyIJDI2mO1mbegfsXlMlDZwCLcB\/s400\/20161028_151705.jpg\" width=\"400\" \/><\/a><\/div>\n<p><\/p>\n<div style=\"clear: both; text-align: center;\"><a href=\"https:\/\/4.bp.blogspot.com\/-T6oJBli3AMM\/WBo8v0UcrxI\/AAAAAAAADto\/goNYGuVa_jMy_ztLO8fh264Pg0rt5bKiQCLcB\/s1600\/20161028_151757.jpg\" style=\"margin-left: 1em; margin-right: 1em;\"><img loading=\"lazy\" decoding=\"async\" border=\"0\" height=\"300\" src=\"https:\/\/4.bp.blogspot.com\/-T6oJBli3AMM\/WBo8v0UcrxI\/AAAAAAAADto\/goNYGuVa_jMy_ztLO8fh264Pg0rt5bKiQCLcB\/s400\/20161028_151757.jpg\" width=\"400\" \/><\/a><\/div>\n<p><\/p>\n<div style=\"text-align: justify;\"><\/div>\n","protected":false},"excerpt":{"rendered":"<p>Divendres passat 28 d&#8217;octubre vam celebrar la Castanyada a l&#8217;escola i ho v\u00e0rem fer ballant unes magn\u00edfiques danses i menjant uns bon\u00edssims panellets i castanyes&#8230; Mireu quina patxoca qu\u00e8 f\u00e8iem!<\/p>\n<p><a href=\"https:\/\/4.bp.blogspot.com\/-Vsdx1G1EaEE\/WBo8tLI9Y9I\/AAAAAAAADtU\/pUXOVHT3XeU_7SCbyAzHjBvbI23IKIyIwCLcB\/s1600\/20161028_150759.jpg\" style=\"margin-left: 1em; margin-right: 1em;\"><\/a><\/p>\n<p><a href=\"https:\/\/3.bp.blogspot.com\/-3ahoqeHo_hY\/WBo8tvwxG7I\/AAAAAAAADtc\/x1XSNDcrPUk8TqFpfhWa3yErDV7Wcue1ACLcB\/s1600\/20161028_150813.jpg\" style=\"margin-left: 1em; margin-right: 1em;\"><\/a><\/p>\n<p><a href=\"https:\/\/2.bp.blogspot.com\/-Fo9Pjxk-ug4\/WBo8udDhpiI\/AAAAAAAADtg\/Ea72Dd0WGbUVs2394fOM8CDy58hCXsZ8wCLcB\/s1600\/20161028_151448.jpg\" style=\"margin-left: 1em; margin-right: 1em;\"><\/a><\/p>\n<p><a&hellip;  <a href=\"https:\/\/agora.xtec.cat\/escolabacdecerdanya\/mitja\/3r\/celebrem-la-castanyada-4\/\" title=\"Read CELEBREM LA CASTANYADA!\">Llegeix m\u00e9s\u00bb<\/a><\/p>\n","protected":false},"author":21,"featured_media":0,"comment_status":"open","ping_status":"closed","sticky":false,"template":"","format":"standard","meta":{"_bbp_topic_count":0,"_bbp_reply_count":0,"_bbp_total_topic_count":0,"_bbp_total_reply_count":0,"_bbp_voice_count":0,"_bbp_anonymous_reply_count":0,"_bbp_topic_count_hidden":0,"_bbp_reply_count_hidden":0,"_bbp_forum_subforum_count":0,"footnotes":""},"categories":[12,13,105],"tags":[],"class_list":["post-1269","post","type-post","status-publish","format-standard","hentry","category-3r","category-4t","category-mitja"],"post_mailing_queue_ids":[],"_links":{"self":[{"href":"https:\/\/agora.xtec.cat\/escolabacdecerdanya\/wp-json\/wp\/v2\/posts\/1269","targetHints":{"allow":["GET"]}}],"collection":[{"href":"https:\/\/agora.xtec.cat\/escolabacdecerdanya\/wp-json\/wp\/v2\/posts"}],"about":[{"href":"https:\/\/agora.xtec.cat\/escolabacdecerdanya\/wp-json\/wp\/v2\/types\/post"}],"author":[{"embeddable":true,"href":"https:\/\/agora.xtec.cat\/escolabacdecerdanya\/wp-json\/wp\/v2\/users\/21"}],"replies":[{"embeddable":true,"href":"https:\/\/agora.xtec.cat\/escolabacdecerdanya\/wp-json\/wp\/v2\/comments?post=1269"}],"version-history":[{"count":1,"href":"https:\/\/agora.xtec.cat\/escolabacdecerdanya\/wp-json\/wp\/v2\/posts\/1269\/revisions"}],"predecessor-version":[{"id":1451,"href":"https:\/\/agora.xtec.cat\/escolabacdecerdanya\/wp-json\/wp\/v2\/posts\/1269\/revisions\/1451"}],"wp:attachment":[{"href":"https:\/\/agora.xtec.cat\/escolabacdecerdanya\/wp-json\/wp\/v2\/media?parent=1269"}],"wp:term":[{"taxonomy":"category","embeddable":true,"href":"https:\/\/agora.xtec.cat\/escolabacdecerdanya\/wp-json\/wp\/v2\/categories?post=1269"},{"taxonomy":"post_tag","embeddable":true,"href":"https:\/\/agora.xtec.cat\/escolabacdecerdanya\/wp-json\/wp\/v2\/tags?post=1269"}],"curies":[{"name":"wp","href":"https:\/\/api.w.org\/{rel}","templated":true}]}}