{"id":1268,"date":"2016-11-03T20:49:00","date_gmt":"2016-11-03T19:49:00","guid":{"rendered":"http:\/\/agora.xtec.cat\/escolabacdecerdanya\/general\/continuem-aixecant-el-cul-de-la-cadira-per-a-fer-geometria\/"},"modified":"2019-09-09T19:38:36","modified_gmt":"2019-09-09T17:38:36","slug":"continuem-aixecant-el-cul-de-la-cadira-per-a-fer-geometria","status":"publish","type":"post","link":"https:\/\/agora.xtec.cat\/escolabacdecerdanya\/mitja\/3r\/continuem-aixecant-el-cul-de-la-cadira-per-a-fer-geometria\/","title":{"rendered":"CONTINUEM AIXECANT EL CUL DE LA CADIRA PER A FER GEOMETRIA!"},"content":{"rendered":"<p><span style=\"font-family: &quot;verdana&quot; , sans-serif;\">I continuem treballant&#8230; Com podem saber quin \u00e9s el cam\u00ed m\u00e9s llarg i el m\u00e9s curt que ha de fer la Nat\u00e0lia per fer tots els seus enc\u00e0rrecs i anar cap a casa?<\/span><\/p>\n<p><span style=\"font-family: &quot;verdana&quot; , sans-serif;\">Comprovem amb cordes els camins que pr\u00e8viament v\u00e0rem dibuixar cadasc\u00fa de nosaltres en paper&#8230; Quin ser\u00e0 el m\u00e9s curt? Fem hip\u00f2tesis!!<\/span><\/p>\n<div style=\"clear: both; text-align: center;\"><a href=\"https:\/\/4.bp.blogspot.com\/-o2lDrBwr-VI\/WBuE7qY61QI\/AAAAAAAADu4\/ag0AspqwwAMS7TwUmRBinfaNDgnnFoYLQCLcB\/s1600\/20161103_103457.jpg\" style=\"margin-left: 1em; margin-right: 1em;\"><img loading=\"lazy\" decoding=\"async\" border=\"0\" height=\"320\" src=\"https:\/\/4.bp.blogspot.com\/-o2lDrBwr-VI\/WBuE7qY61QI\/AAAAAAAADu4\/ag0AspqwwAMS7TwUmRBinfaNDgnnFoYLQCLcB\/s320\/20161103_103457.jpg\" width=\"240\" \/><\/a><\/div>\n<p><span style=\"font-family: &quot;verdana&quot; , sans-serif;\">Els nostres camins s\u00f3n l\u00ednies corbes, majorit\u00e0riament&#8230; Com les podem comparar? Convertim-les en l\u00ednies rectes!<\/span><\/p>\n<div style=\"clear: both; text-align: center;\"><a href=\"https:\/\/1.bp.blogspot.com\/-un0Ma4_k2pk\/WBuFnrnrzPI\/AAAAAAAADvQ\/9D7XmdawmYIxW6HNmb0wDvekHu28E4H9QCLcB\/s1600\/20161025_121201.jpg\" style=\"margin-left: 1em; margin-right: 1em;\"><img loading=\"lazy\" decoding=\"async\" border=\"0\" height=\"320\" src=\"https:\/\/1.bp.blogspot.com\/-un0Ma4_k2pk\/WBuFnrnrzPI\/AAAAAAAADvQ\/9D7XmdawmYIxW6HNmb0wDvekHu28E4H9QCLcB\/s320\/20161025_121201.jpg\" width=\"240\" \/><\/a><\/div>\n<p><span style=\"font-family: &quot;verdana&quot; , sans-serif;\">Quant mesura cada cam\u00ed (l\u00ednia recta)? Decideixen co<span style=\"font-family: &quot;verdana&quot; , sans-serif;\">mp<\/span>tar passes i despr\u00e9s comprovar-ho amb un metre. Si cliqueu la imatge podeu veure m\u00e9s imatges.<\/span><\/p>\n<div style=\"clear: both; text-align: center;\"><a href=\"https:\/\/goo.gl\/photos\/8tx3ryw9CKiNAyJg9\" target=\"_blank\" rel=\"noopener noreferrer\"><img loading=\"lazy\" decoding=\"async\" alt=\"https:\/\/photos.google.com\/album\/AF1QipOQYtBvjpEA5k3m1qBoRYqQdqivj50RvYAq7N2_\/photo\/AF1QipOyGFVR5BS7nD_W4vxXfMN9wxxOzZQEQjfxmwtK\" border=\"0\" height=\"320\" src=\"https:\/\/3.bp.blogspot.com\/-6LoP122F4Jo\/WBuGi6fx8FI\/AAAAAAAADvg\/NSiH_gPKGgUVQXScUsO12kgUQuZCgchjACLcB\/s320\/20161103_103907.jpg\" width=\"240\" \/><\/a><\/div>\n<p><\/p>\n","protected":false},"excerpt":{"rendered":"<p>I continuem treballant&#8230; Com podem saber quin \u00e9s el cam\u00ed m\u00e9s llarg i el m\u00e9s curt que ha de fer la Nat\u00e0lia per fer tots els seus enc\u00e0rrecs i anar cap a casa?<br \/>\nComprovem amb cordes els camins que pr\u00e8viament v\u00e0rem dibuixar cadasc\u00fa de nosaltres en&hellip;  <a href=\"https:\/\/agora.xtec.cat\/escolabacdecerdanya\/mitja\/3r\/continuem-aixecant-el-cul-de-la-cadira-per-a-fer-geometria\/\" title=\"Read CONTINUEM AIXECANT EL CUL DE LA CADIRA PER A FER GEOMETRIA!\">Llegeix m\u00e9s\u00bb<\/a><\/p>\n","protected":false},"author":21,"featured_media":0,"comment_status":"open","ping_status":"closed","sticky":false,"template":"","format":"standard","meta":{"_bbp_topic_count":0,"_bbp_reply_count":0,"_bbp_total_topic_count":0,"_bbp_total_reply_count":0,"_bbp_voice_count":0,"_bbp_anonymous_reply_count":0,"_bbp_topic_count_hidden":0,"_bbp_reply_count_hidden":0,"_bbp_forum_subforum_count":0,"footnotes":""},"categories":[12,105],"tags":[],"class_list":["post-1268","post","type-post","status-publish","format-standard","hentry","category-3r","category-mitja"],"post_mailing_queue_ids":[],"_links":{"self":[{"href":"https:\/\/agora.xtec.cat\/escolabacdecerdanya\/wp-json\/wp\/v2\/posts\/1268","targetHints":{"allow":["GET"]}}],"collection":[{"href":"https:\/\/agora.xtec.cat\/escolabacdecerdanya\/wp-json\/wp\/v2\/posts"}],"about":[{"href":"https:\/\/agora.xtec.cat\/escolabacdecerdanya\/wp-json\/wp\/v2\/types\/post"}],"author":[{"embeddable":true,"href":"https:\/\/agora.xtec.cat\/escolabacdecerdanya\/wp-json\/wp\/v2\/users\/21"}],"replies":[{"embeddable":true,"href":"https:\/\/agora.xtec.cat\/escolabacdecerdanya\/wp-json\/wp\/v2\/comments?post=1268"}],"version-history":[{"count":1,"href":"https:\/\/agora.xtec.cat\/escolabacdecerdanya\/wp-json\/wp\/v2\/posts\/1268\/revisions"}],"predecessor-version":[{"id":1450,"href":"https:\/\/agora.xtec.cat\/escolabacdecerdanya\/wp-json\/wp\/v2\/posts\/1268\/revisions\/1450"}],"wp:attachment":[{"href":"https:\/\/agora.xtec.cat\/escolabacdecerdanya\/wp-json\/wp\/v2\/media?parent=1268"}],"wp:term":[{"taxonomy":"category","embeddable":true,"href":"https:\/\/agora.xtec.cat\/escolabacdecerdanya\/wp-json\/wp\/v2\/categories?post=1268"},{"taxonomy":"post_tag","embeddable":true,"href":"https:\/\/agora.xtec.cat\/escolabacdecerdanya\/wp-json\/wp\/v2\/tags?post=1268"}],"curies":[{"name":"wp","href":"https:\/\/api.w.org\/{rel}","templated":true}]}}