{"id":1261,"date":"2017-03-02T21:28:00","date_gmt":"2017-03-02T20:28:00","guid":{"rendered":"http:\/\/agora.xtec.cat\/escolabacdecerdanya\/general\/esport-blanc\/"},"modified":"2019-09-09T19:38:54","modified_gmt":"2019-09-09T17:38:54","slug":"esport-blanc","status":"publish","type":"post","link":"https:\/\/agora.xtec.cat\/escolabacdecerdanya\/general\/esport-blanc\/","title":{"rendered":"ESPORT BLANC"},"content":{"rendered":"<p><span style=\"font-family: &quot;verdana&quot; , sans-serif;\">Les nenes i nens de tercer i quart estem fent el programa de l&#8217;esport blanc. Els divendres al mat\u00ed fem diferents activitats. De moment hem fet esqu\u00ed alp\u00ed i esqu\u00ed de fons. Voleu veure com ens divertim?<\/span><\/p>\n<div style=\"clear: both; text-align: center;\"><a href=\"https:\/\/goo.gl\/photos\/aqu6F4AdzQ8vskWc6\" target=\"_blank\" rel=\"noopener noreferrer\"><img loading=\"lazy\" decoding=\"async\" alt=\"https:\/\/goo.gl\/photos\/aqu6F4AdzQ8vskWc6\" border=\"0\" class=\"SzDcob\" height=\"239\" src=\"https:\/\/lh3.googleusercontent.com\/mDROPlHvRhPrxNUQAONuRbnWxpz6v2blxq7PD_cROQ3xuL91k40JE1-ngxXQoMwiFHgKQUsEx-i3TvnUPuiXjhLUi01VSfofuedD8J8Ib3qN6fCF4DThDSqWFbKT-5245wb8uAZY9LI5CkGfUtMj2CHgElLw9N06U0nqbAuUGleKAELG-TkNk0grpG6u1NLX1IO04FZ9O0coQryaJI4QpjQfmmQ_ioPuZVinUr9y7L_VXFcqY_eN7_azQe2Knvyd9uqNtD8LaQoeXmRhrhAgRp0kbTuFcsiRNhs7zQB1wVkRcxutGcLjH3N-4ZOSNxIYq_RrHZBWRWoPAvbNRppSmv9ZwS_lhR63yUd_U_mkFc3I5nqugEzMr549Gx7V_WhM4rwdJIy7pOsLnkdFcOMc9h8fSfVMBa7qqu-2vdwy8Keubtsgx_g_cALYsfrgs3FoH-_3GIzNfFOnkuH_YtLLt5vAh5VVslPzD5HJ53Ij-jekPAleDI_8XcoxfZdJcpNq_UvCZfkLl4Vnx6wpmtzIJ-CKQi3WuDdINd1FbFWp8NtLFiaYen7nAnmB5kRp-EKy3K0nuUS3jwMTRIIWa8TlzcSqVbEMve0x4Atn8u9Lx3xjd6yyoyY7=w879-h659-no\" style=\"transform: translate3d(0px, 0px, 0px) rotate(0deg);\" width=\"320\" \/><\/a><\/div>\n<p><span style=\"font-family: &quot;verdana&quot; , sans-serif;\"> <\/span><br \/><span style=\"font-family: &quot;verdana&quot; , sans-serif;\">Eps! que encara ens queden uns quants divendres m\u00e9s per continuar gaudint!<\/span><\/p>\n","protected":false},"excerpt":{"rendered":"<p>Les nenes i nens de tercer i quart estem fent el programa de l&#8217;esport blanc. Els divendres al mat\u00ed fem diferents activitats. De moment hem fet esqu\u00ed alp\u00ed i esqu\u00ed de fons. Voleu veure com ens divertim?<br \/>\n<a href=\"https:\/\/goo.gl\/photos\/aqu6F4AdzQ8vskWc6\" target=\"_blank\" rel=\"noopener noreferrer\"><\/a><br \/>\n Eps! que encara ens&hellip;  <a href=\"https:\/\/agora.xtec.cat\/escolabacdecerdanya\/general\/esport-blanc\/\" title=\"Read ESPORT BLANC\">Llegeix m\u00e9s\u00bb<\/a><\/p>\n","protected":false},"author":21,"featured_media":0,"comment_status":"open","ping_status":"closed","sticky":false,"template":"","format":"standard","meta":{"_bbp_topic_count":0,"_bbp_reply_count":0,"_bbp_total_topic_count":0,"_bbp_total_reply_count":0,"_bbp_voice_count":0,"_bbp_anonymous_reply_count":0,"_bbp_topic_count_hidden":0,"_bbp_reply_count_hidden":0,"_bbp_forum_subforum_count":0,"footnotes":""},"categories":[105,1],"tags":[],"class_list":["post-1261","post","type-post","status-publish","format-standard","hentry","category-mitja","category-general"],"post_mailing_queue_ids":[],"_links":{"self":[{"href":"https:\/\/agora.xtec.cat\/escolabacdecerdanya\/wp-json\/wp\/v2\/posts\/1261","targetHints":{"allow":["GET"]}}],"collection":[{"href":"https:\/\/agora.xtec.cat\/escolabacdecerdanya\/wp-json\/wp\/v2\/posts"}],"about":[{"href":"https:\/\/agora.xtec.cat\/escolabacdecerdanya\/wp-json\/wp\/v2\/types\/post"}],"author":[{"embeddable":true,"href":"https:\/\/agora.xtec.cat\/escolabacdecerdanya\/wp-json\/wp\/v2\/users\/21"}],"replies":[{"embeddable":true,"href":"https:\/\/agora.xtec.cat\/escolabacdecerdanya\/wp-json\/wp\/v2\/comments?post=1261"}],"version-history":[{"count":1,"href":"https:\/\/agora.xtec.cat\/escolabacdecerdanya\/wp-json\/wp\/v2\/posts\/1261\/revisions"}],"predecessor-version":[{"id":1463,"href":"https:\/\/agora.xtec.cat\/escolabacdecerdanya\/wp-json\/wp\/v2\/posts\/1261\/revisions\/1463"}],"wp:attachment":[{"href":"https:\/\/agora.xtec.cat\/escolabacdecerdanya\/wp-json\/wp\/v2\/media?parent=1261"}],"wp:term":[{"taxonomy":"category","embeddable":true,"href":"https:\/\/agora.xtec.cat\/escolabacdecerdanya\/wp-json\/wp\/v2\/categories?post=1261"},{"taxonomy":"post_tag","embeddable":true,"href":"https:\/\/agora.xtec.cat\/escolabacdecerdanya\/wp-json\/wp\/v2\/tags?post=1261"}],"curies":[{"name":"wp","href":"https:\/\/api.w.org\/{rel}","templated":true}]}}