{"id":1258,"date":"2017-04-07T12:48:00","date_gmt":"2017-04-07T10:48:00","guid":{"rendered":"http:\/\/agora.xtec.cat\/escolabacdecerdanya\/general\/celebrem-la-pasqua\/"},"modified":"2019-09-09T19:38:54","modified_gmt":"2019-09-09T17:38:54","slug":"celebrem-la-pasqua","status":"publish","type":"post","link":"https:\/\/agora.xtec.cat\/escolabacdecerdanya\/general\/celebrem-la-pasqua\/","title":{"rendered":"CELEBREM LA PASQUA!"},"content":{"rendered":"<p><span style=\"font-family: Verdana, sans-serif;\">Aquest mat\u00ed els nens i nenes de tercer i quart hem estat fent les nostres mones. Com que hav\u00edem de fer dos per classe, primer vam decidir la tem\u00e0tica de cada mona i despr\u00e9s ens hem posat mans a l&#8217;obra.<\/span><br \/><span style=\"font-family: Verdana, sans-serif;\"><br \/><\/span><span style=\"font-family: Verdana, sans-serif;\">Us agraden? Si cliqueu la foto les podreu veure.<\/span><br \/><span style=\"font-family: Verdana, sans-serif;\"><br \/><\/span><\/p>\n<div style=\"clear: both; text-align: center;\"><a href=\"https:\/\/goo.gl\/photos\/knbdwX24MGhpBErL8\" target=\"_blank\" rel=\"noopener noreferrer\"><img loading=\"lazy\" decoding=\"async\" border=\"0\" height=\"240\" src=\"https:\/\/1.bp.blogspot.com\/-SCmYrtTn4dM\/WOduUpjHXMI\/AAAAAAAAEGw\/ApGu63HcO5YXRVz2PGF56wi_KVusqSLlgCLcB\/s320\/20170407_103722.jpg\" width=\"320\" \/><\/a><\/div>\n<p><span style=\"font-family: Verdana, sans-serif;\"><br \/><\/span><span style=\"font-family: Verdana, sans-serif;\"><br \/><\/span><span style=\"font-family: Verdana, sans-serif;\"><br \/><\/span><span style=\"font-family: Verdana, sans-serif;\"><br \/><\/span><span style=\"font-family: Verdana, sans-serif;\">Ens ho hem passat teta fent-les i aquesta tarda anirem tots al parc a menjar-nos-les!!<\/span><br \/><span style=\"font-family: Verdana, sans-serif;\"><br \/><\/span><span style=\"font-family: Verdana, sans-serif;\">BONES VACANCES FAM\u00cdLIES!!<\/span><\/p>\n","protected":false},"excerpt":{"rendered":"<p>Aquest mat\u00ed els nens i nenes de tercer i quart hem estat fent les nostres mones. Com que hav\u00edem de fer dos per classe, primer vam decidir la tem\u00e0tica de cada mona i despr\u00e9s ens hem posat mans a l&#8217;obra.Us agraden? Si cliqueu la foto&hellip;  <a href=\"https:\/\/agora.xtec.cat\/escolabacdecerdanya\/general\/celebrem-la-pasqua\/\" title=\"Read CELEBREM LA PASQUA!\">Llegeix m\u00e9s\u00bb<\/a><\/p>\n","protected":false},"author":21,"featured_media":0,"comment_status":"open","ping_status":"closed","sticky":false,"template":"","format":"standard","meta":{"_bbp_topic_count":0,"_bbp_reply_count":0,"_bbp_total_topic_count":0,"_bbp_total_reply_count":0,"_bbp_voice_count":0,"_bbp_anonymous_reply_count":0,"_bbp_topic_count_hidden":0,"_bbp_reply_count_hidden":0,"_bbp_forum_subforum_count":0,"footnotes":""},"categories":[105,1],"tags":[],"class_list":["post-1258","post","type-post","status-publish","format-standard","hentry","category-mitja","category-general"],"post_mailing_queue_ids":[],"_links":{"self":[{"href":"https:\/\/agora.xtec.cat\/escolabacdecerdanya\/wp-json\/wp\/v2\/posts\/1258","targetHints":{"allow":["GET"]}}],"collection":[{"href":"https:\/\/agora.xtec.cat\/escolabacdecerdanya\/wp-json\/wp\/v2\/posts"}],"about":[{"href":"https:\/\/agora.xtec.cat\/escolabacdecerdanya\/wp-json\/wp\/v2\/types\/post"}],"author":[{"embeddable":true,"href":"https:\/\/agora.xtec.cat\/escolabacdecerdanya\/wp-json\/wp\/v2\/users\/21"}],"replies":[{"embeddable":true,"href":"https:\/\/agora.xtec.cat\/escolabacdecerdanya\/wp-json\/wp\/v2\/comments?post=1258"}],"version-history":[{"count":1,"href":"https:\/\/agora.xtec.cat\/escolabacdecerdanya\/wp-json\/wp\/v2\/posts\/1258\/revisions"}],"predecessor-version":[{"id":1460,"href":"https:\/\/agora.xtec.cat\/escolabacdecerdanya\/wp-json\/wp\/v2\/posts\/1258\/revisions\/1460"}],"wp:attachment":[{"href":"https:\/\/agora.xtec.cat\/escolabacdecerdanya\/wp-json\/wp\/v2\/media?parent=1258"}],"wp:term":[{"taxonomy":"category","embeddable":true,"href":"https:\/\/agora.xtec.cat\/escolabacdecerdanya\/wp-json\/wp\/v2\/categories?post=1258"},{"taxonomy":"post_tag","embeddable":true,"href":"https:\/\/agora.xtec.cat\/escolabacdecerdanya\/wp-json\/wp\/v2\/tags?post=1258"}],"curies":[{"name":"wp","href":"https:\/\/api.w.org\/{rel}","templated":true}]}}