{"id":1246,"date":"2017-06-22T11:42:00","date_gmt":"2017-06-22T09:42:00","guid":{"rendered":"http:\/\/agora.xtec.cat\/escolabacdecerdanya\/general\/massa-i-capacitat\/"},"modified":"2019-09-09T19:39:20","modified_gmt":"2019-09-09T17:39:20","slug":"massa-i-capacitat","status":"publish","type":"post","link":"https:\/\/agora.xtec.cat\/escolabacdecerdanya\/mitja\/4t\/massa-i-capacitat\/","title":{"rendered":"MASSA I CAPACITAT"},"content":{"rendered":"<p>Aquest tercer trimestre hem treballat a l&#8217;\u00e0rea de matem\u00e0tiques les unitats de massa i de capacitat. Per tal de posar en pr\u00e0ctica els diferents aprenentatges hem utilitzat la balan\u00e7a i gerres per mesurar, aix\u00ed ens ha quedat tot m\u00e9s clar!<\/p>\n<p><\/p>\n<div style=\"clear: both; text-align: center;\"><a href=\"https:\/\/goo.gl\/photos\/LFtyLsAJhKLW3CNE6\" target=\"_blank\" rel=\"noopener noreferrer\"><img loading=\"lazy\" decoding=\"async\" alt=\"https:\/\/goo.gl\/photos\/LFtyLsAJhKLW3CNE6\" border=\"0\" data-original-height=\"1200\" data-original-width=\"1600\" height=\"240\" src=\"https:\/\/2.bp.blogspot.com\/-FTjXuDUwQt4\/WUuQmas3WjI\/AAAAAAAAEcY\/kLZA0pm9qvUbQBDJK8MAE7MMxckGRC_MQCLcBGAs\/s320\/IMG_20170509_105320.jpg\" width=\"320\" \/><\/a><\/div>\n","protected":false},"excerpt":{"rendered":"<p>Aquest tercer trimestre hem treballat a l&#8217;\u00e0rea de matem\u00e0tiques les unitats de massa i de capacitat. Per tal de posar en pr\u00e0ctica els diferents aprenentatges hem utilitzat la balan\u00e7a i gerres per mesurar, aix\u00ed ens ha quedat tot m\u00e9s clar!<\/p>\n<p><a href=\"https:\/\/goo.gl\/photos\/LFtyLsAJhKLW3CNE6\" target=\"_blank\" rel=\"noopener noreferrer\"><\/a><\/p>\n","protected":false},"author":21,"featured_media":0,"comment_status":"open","ping_status":"closed","sticky":false,"template":"","format":"standard","meta":{"_bbp_topic_count":0,"_bbp_reply_count":0,"_bbp_total_topic_count":0,"_bbp_total_reply_count":0,"_bbp_voice_count":0,"_bbp_anonymous_reply_count":0,"_bbp_topic_count_hidden":0,"_bbp_reply_count_hidden":0,"_bbp_forum_subforum_count":0,"footnotes":""},"categories":[13,105],"tags":[],"class_list":["post-1246","post","type-post","status-publish","format-standard","hentry","category-4t","category-mitja"],"post_mailing_queue_ids":[],"_links":{"self":[{"href":"https:\/\/agora.xtec.cat\/escolabacdecerdanya\/wp-json\/wp\/v2\/posts\/1246","targetHints":{"allow":["GET"]}}],"collection":[{"href":"https:\/\/agora.xtec.cat\/escolabacdecerdanya\/wp-json\/wp\/v2\/posts"}],"about":[{"href":"https:\/\/agora.xtec.cat\/escolabacdecerdanya\/wp-json\/wp\/v2\/types\/post"}],"author":[{"embeddable":true,"href":"https:\/\/agora.xtec.cat\/escolabacdecerdanya\/wp-json\/wp\/v2\/users\/21"}],"replies":[{"embeddable":true,"href":"https:\/\/agora.xtec.cat\/escolabacdecerdanya\/wp-json\/wp\/v2\/comments?post=1246"}],"version-history":[{"count":1,"href":"https:\/\/agora.xtec.cat\/escolabacdecerdanya\/wp-json\/wp\/v2\/posts\/1246\/revisions"}],"predecessor-version":[{"id":1468,"href":"https:\/\/agora.xtec.cat\/escolabacdecerdanya\/wp-json\/wp\/v2\/posts\/1246\/revisions\/1468"}],"wp:attachment":[{"href":"https:\/\/agora.xtec.cat\/escolabacdecerdanya\/wp-json\/wp\/v2\/media?parent=1246"}],"wp:term":[{"taxonomy":"category","embeddable":true,"href":"https:\/\/agora.xtec.cat\/escolabacdecerdanya\/wp-json\/wp\/v2\/categories?post=1246"},{"taxonomy":"post_tag","embeddable":true,"href":"https:\/\/agora.xtec.cat\/escolabacdecerdanya\/wp-json\/wp\/v2\/tags?post=1246"}],"curies":[{"name":"wp","href":"https:\/\/api.w.org\/{rel}","templated":true}]}}