{"id":1240,"date":"2017-11-02T01:13:00","date_gmt":"2017-11-02T00:13:00","guid":{"rendered":"http:\/\/agora.xtec.cat\/escolabacdecerdanya\/general\/catastrofes-naturals\/"},"modified":"2019-09-09T19:39:38","modified_gmt":"2019-09-09T17:39:38","slug":"catastrofes-naturals","status":"publish","type":"post","link":"https:\/\/agora.xtec.cat\/escolabacdecerdanya\/mitja\/4t\/catastrofes-naturals\/","title":{"rendered":"CAT\u00c0STROFES NATURALS"},"content":{"rendered":"<div style=\"text-align: justify;\">A medi aquest trimestre estem treballant el temps i el clima. En grups, els nens i nenes de 4t han preparat uns treballs sobre les diferents cat\u00e0strofes naturals per tal de prendre&#8217;n conci\u00e8ncia. Han fet una exposici\u00f3 davant la resta de la classe. Les cat\u00e0strofes que han treballat han sigut:<\/div>\n<div style=\"text-align: justify;\"><\/div>\n<div style=\"text-align: justify;\">&#8211; Incendis<\/div>\n<div style=\"text-align: justify;\">&#8211; Desforestaci\u00f3<\/div>\n<div style=\"text-align: justify;\">&#8211; Pluja \u00e0cida<\/div>\n<div style=\"text-align: justify;\">&#8211; Inundacions<\/div>\n<div style=\"text-align: justify;\">&#8211; Desgla\u00e7<\/div>\n<div style=\"text-align: justify;\">&#8211; Contaminaci\u00f3 de les aig\u00fces<\/div>\n<div style=\"text-align: justify;\"><\/div>\n<div style=\"text-align: center;\"><span style=\"color: blue; font-size: large;\"><a href=\"https:\/\/photos.app.goo.gl\/DclfLJFbDvfk7p8l2\">MIREU LES FOTOS!<\/a><\/span><\/div>\n<div style=\"clear: both; text-align: center;\"><span style=\"color: blue; font-size: large;\"><a href=\"https:\/\/4.bp.blogspot.com\/-ui0KuSqkffo\/WfpU7EUAR1I\/AAAAAAAAE24\/_cmsoiKK8nwL-yorOdDL8uEd4DEUCMUSwCLcBGAs\/s1600\/IMG_0665.JPG\" style=\"margin-left: 1em; margin-right: 1em;\"><img loading=\"lazy\" decoding=\"async\" border=\"0\" data-original-height=\"1200\" data-original-width=\"1600\" height=\"240\" src=\"https:\/\/4.bp.blogspot.com\/-ui0KuSqkffo\/WfpU7EUAR1I\/AAAAAAAAE24\/_cmsoiKK8nwL-yorOdDL8uEd4DEUCMUSwCLcBGAs\/s320\/IMG_0665.JPG\" width=\"320\" \/><\/a><\/span><\/div>\n","protected":false},"excerpt":{"rendered":"<p>A medi aquest trimestre estem treballant el temps i el clima. En grups, els nens i nenes de 4t han preparat uns treballs sobre les diferents cat\u00e0strofes naturals per tal de prendre&#8217;n conci\u00e8ncia. Han fet una exposici\u00f3 davant la resta de la classe. Les cat\u00e0strofes&hellip;  <a href=\"https:\/\/agora.xtec.cat\/escolabacdecerdanya\/mitja\/4t\/catastrofes-naturals\/\" title=\"Read CAT\u00c0STROFES NATURALS\">Llegeix m\u00e9s\u00bb<\/a><\/p>\n","protected":false},"author":21,"featured_media":0,"comment_status":"open","ping_status":"closed","sticky":false,"template":"","format":"standard","meta":{"_bbp_topic_count":0,"_bbp_reply_count":0,"_bbp_total_topic_count":0,"_bbp_total_reply_count":0,"_bbp_voice_count":0,"_bbp_anonymous_reply_count":0,"_bbp_topic_count_hidden":0,"_bbp_reply_count_hidden":0,"_bbp_forum_subforum_count":0,"footnotes":""},"categories":[13,105],"tags":[],"class_list":["post-1240","post","type-post","status-publish","format-standard","hentry","category-4t","category-mitja"],"post_mailing_queue_ids":[],"_links":{"self":[{"href":"https:\/\/agora.xtec.cat\/escolabacdecerdanya\/wp-json\/wp\/v2\/posts\/1240","targetHints":{"allow":["GET"]}}],"collection":[{"href":"https:\/\/agora.xtec.cat\/escolabacdecerdanya\/wp-json\/wp\/v2\/posts"}],"about":[{"href":"https:\/\/agora.xtec.cat\/escolabacdecerdanya\/wp-json\/wp\/v2\/types\/post"}],"author":[{"embeddable":true,"href":"https:\/\/agora.xtec.cat\/escolabacdecerdanya\/wp-json\/wp\/v2\/users\/21"}],"replies":[{"embeddable":true,"href":"https:\/\/agora.xtec.cat\/escolabacdecerdanya\/wp-json\/wp\/v2\/comments?post=1240"}],"version-history":[{"count":1,"href":"https:\/\/agora.xtec.cat\/escolabacdecerdanya\/wp-json\/wp\/v2\/posts\/1240\/revisions"}],"predecessor-version":[{"id":1482,"href":"https:\/\/agora.xtec.cat\/escolabacdecerdanya\/wp-json\/wp\/v2\/posts\/1240\/revisions\/1482"}],"wp:attachment":[{"href":"https:\/\/agora.xtec.cat\/escolabacdecerdanya\/wp-json\/wp\/v2\/media?parent=1240"}],"wp:term":[{"taxonomy":"category","embeddable":true,"href":"https:\/\/agora.xtec.cat\/escolabacdecerdanya\/wp-json\/wp\/v2\/categories?post=1240"},{"taxonomy":"post_tag","embeddable":true,"href":"https:\/\/agora.xtec.cat\/escolabacdecerdanya\/wp-json\/wp\/v2\/tags?post=1240"}],"curies":[{"name":"wp","href":"https:\/\/api.w.org\/{rel}","templated":true}]}}