{"id":1238,"date":"2017-11-24T01:35:00","date_gmt":"2017-11-24T00:35:00","guid":{"rendered":"http:\/\/agora.xtec.cat\/escolabacdecerdanya\/general\/construim-aparells-meteorologics\/"},"modified":"2019-09-09T19:39:38","modified_gmt":"2019-09-09T17:39:38","slug":"construim-aparells-meteorologics","status":"publish","type":"post","link":"https:\/\/agora.xtec.cat\/escolabacdecerdanya\/mitja\/4t\/construim-aparells-meteorologics\/","title":{"rendered":"CONSTRU\u00cfM APARELLS METEOROL\u00d2GICS"},"content":{"rendered":"<div style=\"text-align: justify;\">Per acabar el projecte de medi &#8220;Temps i clima&#8221;, els nens i nenes de 4t hem constru\u00eft dos aparells meteorol\u00f2gics que pr\u00e8viament hem treballat a classe, un pluvi\u00f2metre i un anem\u00f2metre. Despr\u00e9s, a la classe de catal\u00e0 hem fet un text instructiu per explicar els materials que hem utilitzat i els passos que hem seguit per fer-los.<\/div>\n<div style=\"text-align: center;\">\n<div style=\"clear: both; text-align: center;\"><a href=\"https:\/\/4.bp.blogspot.com\/-FO8VZ4GHQ38\/WhdYeKT__-I\/AAAAAAAAFBE\/LIKC13mKb5kEvLJyiA8DCGUGLq2y9pXGQCEwYBhgL\/s1600\/IMG_1033.JPG\" style=\"margin-left: 1em; margin-right: 1em;\"><img loading=\"lazy\" decoding=\"async\" border=\"0\" data-original-height=\"1200\" data-original-width=\"1600\" height=\"240\" src=\"https:\/\/4.bp.blogspot.com\/-FO8VZ4GHQ38\/WhdYeKT__-I\/AAAAAAAAFBE\/LIKC13mKb5kEvLJyiA8DCGUGLq2y9pXGQCEwYBhgL\/s320\/IMG_1033.JPG\" width=\"320\" \/><\/a><\/div>\n<div style=\"clear: both; text-align: center;\">&nbsp;<\/div>\n<div style=\"clear: both; text-align: center;\"><a href=\"https:\/\/photos.app.goo.gl\/vFc2yzvMtlAA4P7g1\">&nbsp;MIREU LES FOTOS<\/a><\/div>\n<div style=\"clear: both; text-align: center;\">&nbsp;<\/div>\n<p><\/div>\n","protected":false},"excerpt":{"rendered":"<p>Per acabar el projecte de medi &#8220;Temps i clima&#8221;, els nens i nenes de 4t hem constru\u00eft dos aparells meteorol\u00f2gics que pr\u00e8viament hem treballat a classe, un pluvi\u00f2metre i un anem\u00f2metre. Despr\u00e9s, a la classe de catal\u00e0 hem fet un text instructiu per explicar els&hellip;  <a href=\"https:\/\/agora.xtec.cat\/escolabacdecerdanya\/mitja\/4t\/construim-aparells-meteorologics\/\" title=\"Read CONSTRU\u00cfM APARELLS METEOROL\u00d2GICS\">Llegeix m\u00e9s\u00bb<\/a><\/p>\n","protected":false},"author":21,"featured_media":0,"comment_status":"open","ping_status":"closed","sticky":false,"template":"","format":"standard","meta":{"_bbp_topic_count":0,"_bbp_reply_count":0,"_bbp_total_topic_count":0,"_bbp_total_reply_count":0,"_bbp_voice_count":0,"_bbp_anonymous_reply_count":0,"_bbp_topic_count_hidden":0,"_bbp_reply_count_hidden":0,"_bbp_forum_subforum_count":0,"footnotes":""},"categories":[13,105],"tags":[],"class_list":["post-1238","post","type-post","status-publish","format-standard","hentry","category-4t","category-mitja"],"post_mailing_queue_ids":[],"_links":{"self":[{"href":"https:\/\/agora.xtec.cat\/escolabacdecerdanya\/wp-json\/wp\/v2\/posts\/1238","targetHints":{"allow":["GET"]}}],"collection":[{"href":"https:\/\/agora.xtec.cat\/escolabacdecerdanya\/wp-json\/wp\/v2\/posts"}],"about":[{"href":"https:\/\/agora.xtec.cat\/escolabacdecerdanya\/wp-json\/wp\/v2\/types\/post"}],"author":[{"embeddable":true,"href":"https:\/\/agora.xtec.cat\/escolabacdecerdanya\/wp-json\/wp\/v2\/users\/21"}],"replies":[{"embeddable":true,"href":"https:\/\/agora.xtec.cat\/escolabacdecerdanya\/wp-json\/wp\/v2\/comments?post=1238"}],"version-history":[{"count":1,"href":"https:\/\/agora.xtec.cat\/escolabacdecerdanya\/wp-json\/wp\/v2\/posts\/1238\/revisions"}],"predecessor-version":[{"id":1480,"href":"https:\/\/agora.xtec.cat\/escolabacdecerdanya\/wp-json\/wp\/v2\/posts\/1238\/revisions\/1480"}],"wp:attachment":[{"href":"https:\/\/agora.xtec.cat\/escolabacdecerdanya\/wp-json\/wp\/v2\/media?parent=1238"}],"wp:term":[{"taxonomy":"category","embeddable":true,"href":"https:\/\/agora.xtec.cat\/escolabacdecerdanya\/wp-json\/wp\/v2\/categories?post=1238"},{"taxonomy":"post_tag","embeddable":true,"href":"https:\/\/agora.xtec.cat\/escolabacdecerdanya\/wp-json\/wp\/v2\/tags?post=1238"}],"curies":[{"name":"wp","href":"https:\/\/api.w.org\/{rel}","templated":true}]}}