{"id":1236,"date":"2018-02-26T11:31:00","date_gmt":"2018-02-26T10:31:00","guid":{"rendered":"http:\/\/agora.xtec.cat\/escolabacdecerdanya\/general\/hem-visitat-lajuntament\/"},"modified":"2019-09-09T19:39:38","modified_gmt":"2019-09-09T17:39:38","slug":"hem-visitat-lajuntament","status":"publish","type":"post","link":"https:\/\/agora.xtec.cat\/escolabacdecerdanya\/general\/hem-visitat-lajuntament\/","title":{"rendered":"HEM VISITAT L&#8217;AJUNTAMENT"},"content":{"rendered":"<div style=\"text-align: justify;\"><span lang=\"CA\" style=\"font-family: &quot;Comic Sans MS&quot;; font-size: 12.0pt; line-height: 115%;\"><br \/><\/span><\/div>\n<div style=\"text-align: justify;\"><span lang=\"CA\" style=\"font-size: 12pt; line-height: 115%;\"><span style=\"color: blue; font-family: Verdana, sans-serif;\">El dijous dia 22 de febrer, els nens de la classe de tercer, vam anar a l\u2019Ajuntament per visitar l\u2019alcalde i saber quina \u00e9s la seva feina. Hav\u00edem preparat les preguntes que li vol\u00edem fer. Quan vam arribar, vam entrar en una sala, on vam seure i vam parlar amb ell.<o:p><\/o:p><\/span><\/span><\/div>\n<div style=\"text-align: justify;\"><span lang=\"CA\" style=\"font-size: 12pt; line-height: 115%;\"><span style=\"color: blue; font-family: Verdana, sans-serif;\">Ens va dir que a Alp, empadronades, hi havia m\u00e9s o menys unes mil sis-centes persones, per\u00f2 que no totes hi vivien tot l\u2019any, a part, durant l\u2019any tamb\u00e9 hi ha molts turistes que hi viuen.<\/span><\/span><\/div>\n<div style=\"text-align: justify;\"><span lang=\"CA\" style=\"font-size: 12pt; line-height: 115%;\"><span style=\"color: blue; font-family: Verdana, sans-serif;\">Tamb\u00e9 ens va explicar com es feia per ser alcalde i que el juliol del 2018 far\u00e0 set anys que \u00e9s l\u2019alcalde del poble i que encara no sap si es presentar\u00e0 a les properes eleccions.<o:p><\/o:p><\/span><\/span><\/div>\n<div style=\"text-align: justify;\"><span lang=\"CA\" style=\"font-size: 12pt; line-height: 115%;\"><span style=\"color: blue; font-family: Verdana, sans-serif;\">Ens ha dit que a l\u2019Ajuntament hi ha nou regidors. Tamb\u00e9 li vam preguntar quines eren les feines que feia l\u2019alcalde cada dia i ens va dir que depenent dels dies i de les necessitats havia de fer una cosa o una altra, que es fixa amb el que fa falta al poble i ho intenta solucionar.<\/span><\/span><\/div>\n<div style=\"text-align: justify;\"><span lang=\"CA\" style=\"font-size: 12pt; line-height: 115%;\"><span style=\"color: blue; font-family: Verdana, sans-serif;\">Li vam preguntar quin any s\u2019havia constru\u00eft l\u2019escola i ens va dir que antigament, l\u2019escola era on \u00e9s ara l\u2019Ajuntament i que pels anys setanta van construir-la on es troba ara. Tamb\u00e9 li vam preguntar quants anys feia que s\u2019havia constru\u00eft l\u2019esgl\u00e9sia i es veu que fa uns mi<\/span><span style=\"color: blue; font-family: Verdana, sans-serif;\">l anys, encara que amb els anys s\u2019ha anat reformant.<\/span><\/span><\/div>\n<div style=\"clear: both; text-align: center;\"><a href=\"https:\/\/2.bp.blogspot.com\/-PJx_yKOy27s\/WpPSoH51D-I\/AAAAAAAAFEw\/E5absdZTAnYq21mtEEwfMmhvvBmuvmeDgCLcBGAs\/s1600\/IMG-20180222-WA0016.jpg\" style=\"margin-left: 1em; margin-right: 1em;\"><img loading=\"lazy\" decoding=\"async\" border=\"0\" data-original-height=\"1200\" data-original-width=\"1600\" height=\"240\" src=\"https:\/\/2.bp.blogspot.com\/-PJx_yKOy27s\/WpPSoH51D-I\/AAAAAAAAFEw\/E5absdZTAnYq21mtEEwfMmhvvBmuvmeDgCLcBGAs\/s320\/IMG-20180222-WA0016.jpg\" width=\"320\" \/><\/a><\/div>\n<div style=\"clear: both; text-align: center;\"><\/div>\n<div style=\"text-align: justify;\"><span lang=\"CA\" style=\"font-size: 12pt; line-height: 115%;\"><span style=\"color: blue; font-family: Verdana, sans-serif;\">Hem volgut saber, tamb\u00e9, perqu\u00e8 li agrada ser alcalde i ens ha dit que li agrada treballar pel poble i que les feines que m\u00e9s li agrada fer s\u00f3n muntar celebracions i actes que siguin divertits i interessants per a la gent.<o:p><\/o:p><\/span><\/span><\/div>\n<div style=\"text-align: justify;\"><span lang=\"CA\" style=\"font-size: 12pt; line-height: 115%;\"><span style=\"color: blue; font-family: Verdana, sans-serif;\">Ens va dir que no havia conegut l\u2019Alpi i quan li vam preguntar perqu\u00e8 havien portat el cap de l\u2019Alpi a l\u2019Ajuntament, ens va dir que com que era un animal molt important per Alp i el coneixia tothom, quan va morir van decidir que penjarien el cap a l\u2019Ajuntament.<o:p><\/o:p><\/span><\/span><\/div>\n<div style=\"text-align: justify;\"><span lang=\"CA\" style=\"font-size: 12pt; line-height: 115%;\"><span style=\"color: blue; font-family: Verdana, sans-serif;\">Tamb\u00e9 vam voler saber quants edificis o llocs depenien de l\u2019Ajuntament i ens va dir: la piscina municipal, pistes poliesportives, el Palau d\u2019Esports i Congressos, pistes de tennis, el camp de futbol, el teatre Municipal El Casino i un local social a la Molina.<o:p><\/o:p><\/span><\/span><\/div>\n<div style=\"text-align: justify;\"><span lang=\"CA\" style=\"font-size: 12pt; line-height: 115%;\"><span style=\"color: blue; font-family: Verdana, sans-serif;\">Per l\u2019Ajuntament, hi treballa el personal de la guarderia, la brigada municipal i els administratius de l\u2019Ajuntament.<o:p><\/o:p><\/span><\/span><\/div>\n<div style=\"text-align: justify;\"><span lang=\"CA\" style=\"font-size: 12pt; line-height: 115%;\"><span style=\"color: blue; font-family: Verdana, sans-serif;\">Li hem preguntat si sabia quantes places t\u00e9 el poble, per\u00f2 no se\u2019n recordava. Nosaltres li vam dir que les comptar\u00edem, tamb\u00e9 les de la Molina i li escriur\u00edem per fer-li saber.<o:p><\/o:p><\/span><\/span><\/div>\n<div style=\"text-align: justify;\"><span lang=\"CA\" style=\"font-size: 12pt; line-height: 115%;\"><span style=\"color: blue; font-family: Verdana, sans-serif;\">Ens va dir que li agradava esquiar i que va comen\u00e7ar a fer-ho en un prat al costat de casa. Despr\u00e9s va continuar a la Molina i que va anar a escola a Puigcerd\u00e0.<o:p><\/o:p><\/span><\/span><\/div>\n<div style=\"text-align: justify;\"><span lang=\"CA\" style=\"font-size: 12pt; line-height: 115%;\"><span style=\"color: blue; font-family: Verdana, sans-serif;\">Li vam demanar que ens expliqu\u00e9s alguna an\u00e8cdota i va explicar-nos la vegada que en Puigdemont, quan estava a la Molina, va patir un problema de panxa, un virus, que li va fer passar uns dies malament.<o:p><\/o:p><\/span><\/span><\/div>\n<div style=\"text-align: justify;\"><span lang=\"CA\" style=\"font-size: 12pt; line-height: 115%;\"><span style=\"color: blue; font-family: Verdana, sans-serif;\">La sortida per anar a veure l\u2019Ajuntament, ha estat molt interessant. A m\u00e9s, &nbsp;ens han regalat una bossa per a cada nen, amb molts coses a dins.<o:p><\/o:p><\/span><\/span><\/div>\n<p><\/p>\n<div style=\"text-align: justify;\"><span lang=\"CA\" style=\"font-size: 12pt; line-height: 115%;\"><span style=\"color: blue; font-family: Verdana, sans-serif;\">Moltes gr\u00e0cies!!!<\/span><span style=\"font-family: Comic Sans MS;\"><o:p><\/o:p><\/span><\/span><\/div>\n<div style=\"clear: both; text-align: center;\"><a href=\"https:\/\/1.bp.blogspot.com\/-QvjxYUQlXD0\/WpPSsGn9gLI\/AAAAAAAAFE0\/tXKJ13hwVEkxgVb-D0EGdPkCVJuhFOJRwCLcBGAs\/s1600\/IMG-20180222-WA0017.jpg\" style=\"clear: right; float: right; margin-bottom: 1em; margin-left: 1em;\"><img loading=\"lazy\" decoding=\"async\" border=\"0\" data-original-height=\"1600\" data-original-width=\"1200\" height=\"320\" src=\"https:\/\/1.bp.blogspot.com\/-QvjxYUQlXD0\/WpPSsGn9gLI\/AAAAAAAAFE0\/tXKJ13hwVEkxgVb-D0EGdPkCVJuhFOJRwCLcBGAs\/s320\/IMG-20180222-WA0017.jpg\" width=\"240\" \/><\/a><a href=\"https:\/\/1.bp.blogspot.com\/-OkbCC3Pxym0\/WpPSh5RFREI\/AAAAAAAAFEo\/h75mvTfcZgo4flrNAxnwGVjnqTb8NlujQCLcBGAs\/s1600\/IMG-20180222-WA0014.jpg\" style=\"clear: left; float: left; margin-bottom: 1em; margin-right: 1em;\"><img loading=\"lazy\" decoding=\"async\" border=\"0\" data-original-height=\"1200\" data-original-width=\"1600\" height=\"240\" src=\"https:\/\/1.bp.blogspot.com\/-OkbCC3Pxym0\/WpPSh5RFREI\/AAAAAAAAFEo\/h75mvTfcZgo4flrNAxnwGVjnqTb8NlujQCLcBGAs\/s320\/IMG-20180222-WA0014.jpg\" width=\"320\" \/><\/a><\/div>\n","protected":false},"excerpt":{"rendered":"<p>El dijous dia 22 de febrer, els nens de la classe de tercer, vam anar a l\u2019Ajuntament per visitar l\u2019alcalde i saber quina \u00e9s la seva feina. Hav\u00edem preparat les preguntes que li vol\u00edem fer. Quan vam arribar, vam entrar en una sala, on vam&hellip;  <a href=\"https:\/\/agora.xtec.cat\/escolabacdecerdanya\/general\/hem-visitat-lajuntament\/\" title=\"Read HEM VISITAT L&#8217;AJUNTAMENT\">Llegeix m\u00e9s\u00bb<\/a><\/p>\n","protected":false},"author":21,"featured_media":0,"comment_status":"open","ping_status":"closed","sticky":false,"template":"","format":"standard","meta":{"_bbp_topic_count":0,"_bbp_reply_count":0,"_bbp_total_topic_count":0,"_bbp_total_reply_count":0,"_bbp_voice_count":0,"_bbp_anonymous_reply_count":0,"_bbp_topic_count_hidden":0,"_bbp_reply_count_hidden":0,"_bbp_forum_subforum_count":0,"footnotes":""},"categories":[105,1],"tags":[],"class_list":["post-1236","post","type-post","status-publish","format-standard","hentry","category-mitja","category-general"],"post_mailing_queue_ids":[],"_links":{"self":[{"href":"https:\/\/agora.xtec.cat\/escolabacdecerdanya\/wp-json\/wp\/v2\/posts\/1236","targetHints":{"allow":["GET"]}}],"collection":[{"href":"https:\/\/agora.xtec.cat\/escolabacdecerdanya\/wp-json\/wp\/v2\/posts"}],"about":[{"href":"https:\/\/agora.xtec.cat\/escolabacdecerdanya\/wp-json\/wp\/v2\/types\/post"}],"author":[{"embeddable":true,"href":"https:\/\/agora.xtec.cat\/escolabacdecerdanya\/wp-json\/wp\/v2\/users\/21"}],"replies":[{"embeddable":true,"href":"https:\/\/agora.xtec.cat\/escolabacdecerdanya\/wp-json\/wp\/v2\/comments?post=1236"}],"version-history":[{"count":1,"href":"https:\/\/agora.xtec.cat\/escolabacdecerdanya\/wp-json\/wp\/v2\/posts\/1236\/revisions"}],"predecessor-version":[{"id":1478,"href":"https:\/\/agora.xtec.cat\/escolabacdecerdanya\/wp-json\/wp\/v2\/posts\/1236\/revisions\/1478"}],"wp:attachment":[{"href":"https:\/\/agora.xtec.cat\/escolabacdecerdanya\/wp-json\/wp\/v2\/media?parent=1236"}],"wp:term":[{"taxonomy":"category","embeddable":true,"href":"https:\/\/agora.xtec.cat\/escolabacdecerdanya\/wp-json\/wp\/v2\/categories?post=1236"},{"taxonomy":"post_tag","embeddable":true,"href":"https:\/\/agora.xtec.cat\/escolabacdecerdanya\/wp-json\/wp\/v2\/tags?post=1236"}],"curies":[{"name":"wp","href":"https:\/\/api.w.org\/{rel}","templated":true}]}}