{"id":1230,"date":"2018-05-08T13:53:00","date_gmt":"2018-05-08T11:53:00","guid":{"rendered":""},"modified":"2019-09-09T19:39:54","modified_gmt":"2019-09-09T17:39:54","slug":"fem-un-hort","status":"publish","type":"post","link":"https:\/\/agora.xtec.cat\/escolabacdecerdanya\/mitja\/3r\/fem-un-hort\/","title":{"rendered":"Fem un hort!"},"content":{"rendered":"<p><span style=\"font-family: Verdana, sans-serif;\">Els nens i nenes de la classe de 3r ens fem c\u00e0rrec de l&#8217;hort.<\/span><br \/><span style=\"font-family: Verdana, sans-serif;\">Ja em comen\u00e7at a treballar-lo i aquest any amb la novetat que ens han constru\u00eft un hivernacle.<\/span><br \/><span style=\"font-family: Verdana, sans-serif;\">Si voleu anar observant tot el q\u00e8 fem aqu\u00ed en teniu les fotos que anirem actualitzant a mida que anem avan\u00e7ant:<\/span><br \/><span style=\"font-family: Verdana, sans-serif;\"><br \/><\/span><\/p>\n<div style=\"text-align: center;\"><span style=\"font-family: Verdana, sans-serif; font-size: x-large;\"><a href=\"https:\/\/photos.app.goo.gl\/kW9BJOc58hY9nY892\" target=\"_blank\" rel=\"noopener noreferrer\">FOTOS DE L&#8217;HORT<\/a><\/span><\/div>\n","protected":false},"excerpt":{"rendered":"<p>Els nens i nenes de la classe de 3r ens fem c\u00e0rrec de l&#8217;hort.Ja em comen\u00e7at a treballar-lo i aquest any amb la novetat que ens han constru\u00eft un hivernacle.Si voleu anar observant tot el q\u00e8 fem aqu\u00ed en teniu les fotos que anirem actualitzant&hellip;  <a href=\"https:\/\/agora.xtec.cat\/escolabacdecerdanya\/mitja\/3r\/fem-un-hort\/\" title=\"Read Fem un hort!\">Llegeix m\u00e9s\u00bb<\/a><\/p>\n","protected":false},"author":21,"featured_media":0,"comment_status":"open","ping_status":"closed","sticky":false,"template":"","format":"standard","meta":{"_bbp_topic_count":0,"_bbp_reply_count":0,"_bbp_total_topic_count":0,"_bbp_total_reply_count":0,"_bbp_voice_count":0,"_bbp_anonymous_reply_count":0,"_bbp_topic_count_hidden":0,"_bbp_reply_count_hidden":0,"_bbp_forum_subforum_count":0,"footnotes":""},"categories":[12,105],"tags":[],"class_list":["post-1230","post","type-post","status-publish","format-standard","hentry","category-3r","category-mitja"],"post_mailing_queue_ids":[],"_links":{"self":[{"href":"https:\/\/agora.xtec.cat\/escolabacdecerdanya\/wp-json\/wp\/v2\/posts\/1230","targetHints":{"allow":["GET"]}}],"collection":[{"href":"https:\/\/agora.xtec.cat\/escolabacdecerdanya\/wp-json\/wp\/v2\/posts"}],"about":[{"href":"https:\/\/agora.xtec.cat\/escolabacdecerdanya\/wp-json\/wp\/v2\/types\/post"}],"author":[{"embeddable":true,"href":"https:\/\/agora.xtec.cat\/escolabacdecerdanya\/wp-json\/wp\/v2\/users\/21"}],"replies":[{"embeddable":true,"href":"https:\/\/agora.xtec.cat\/escolabacdecerdanya\/wp-json\/wp\/v2\/comments?post=1230"}],"version-history":[{"count":1,"href":"https:\/\/agora.xtec.cat\/escolabacdecerdanya\/wp-json\/wp\/v2\/posts\/1230\/revisions"}],"predecessor-version":[{"id":1406,"href":"https:\/\/agora.xtec.cat\/escolabacdecerdanya\/wp-json\/wp\/v2\/posts\/1230\/revisions\/1406"}],"wp:attachment":[{"href":"https:\/\/agora.xtec.cat\/escolabacdecerdanya\/wp-json\/wp\/v2\/media?parent=1230"}],"wp:term":[{"taxonomy":"category","embeddable":true,"href":"https:\/\/agora.xtec.cat\/escolabacdecerdanya\/wp-json\/wp\/v2\/categories?post=1230"},{"taxonomy":"post_tag","embeddable":true,"href":"https:\/\/agora.xtec.cat\/escolabacdecerdanya\/wp-json\/wp\/v2\/tags?post=1230"}],"curies":[{"name":"wp","href":"https:\/\/api.w.org\/{rel}","templated":true}]}}