{"id":1219,"date":"2018-05-31T16:34:00","date_gmt":"2018-05-31T14:34:00","guid":{"rendered":""},"modified":"2019-09-09T19:40:09","modified_gmt":"2019-09-09T17:40:09","slug":"lavi-del-jofre","status":"publish","type":"post","link":"https:\/\/agora.xtec.cat\/escolabacdecerdanya\/general\/lavi-del-jofre\/","title":{"rendered":"L&#8217;AVI DEL JOFRE"},"content":{"rendered":"<div style=\"text-align: justify;\">Dins del projecte de medi d&#8217;aquest trimestre &#8220;Dels nostres avis fins l&#8217;actualitat&#8221;, el dimecres 30 de maig, els nens i nenes de 4t han fet una entrevista a l&#8217;avi del Jofre per con\u00e8ixer m\u00e9s coses de quan era petit, com eren els objectes d&#8217;aquella \u00e8poca i com ha canviat la vida de les persones. Per fer-ho, els nens han preparat l&#8217;entrevista amb les preguntes que els agradaria fer.<\/div>\n<div style=\"text-align: justify;\">El Josep M\u00aa ha contestat a totes aquestes preguntes i li estem molt agra\u00efts perqu\u00e8 ens ho ha explicat molt b\u00e9 i molt clar.<\/div>\n<div style=\"text-align: justify;\"><\/div>\n<div style=\"text-align: justify;\">MOLTES GR\u00c0CIES!<\/div>\n<div style=\"text-align: justify;\"><\/div>\n<div style=\"text-align: center;\"><span style=\"font-size: x-large;\"><a href=\"https:\/\/photos.app.goo.gl\/axt1BJWCcmck7ddd8\" target=\"_blank\" rel=\"noopener noreferrer\">FOTOS<\/a><\/span><\/p>\n<p><\/div>\n<p><iframe loading=\"lazy\" width=\"560\" height=\"315\" src=\"https:\/\/www.youtube.com\/embed\/73R7JhoAezo\" frameborder=\"0\" allow=\"autoplay; encrypted-media\" allowfullscreen><\/iframe><\/p>\n","protected":false},"excerpt":{"rendered":"<p>Dins del projecte de medi d&#8217;aquest trimestre &#8220;Dels nostres avis fins l&#8217;actualitat&#8221;, el dimecres 30 de maig, els nens i nenes de 4t han fet una entrevista a l&#8217;avi del Jofre per con\u00e8ixer m\u00e9s coses de quan era petit, com eren els objectes d&#8217;aquella \u00e8poca&hellip;  <a href=\"https:\/\/agora.xtec.cat\/escolabacdecerdanya\/general\/lavi-del-jofre\/\" title=\"Read L&#8217;AVI DEL JOFRE\">Llegeix m\u00e9s\u00bb<\/a><\/p>\n","protected":false},"author":21,"featured_media":0,"comment_status":"open","ping_status":"closed","sticky":false,"template":"","format":"standard","meta":{"_bbp_topic_count":0,"_bbp_reply_count":0,"_bbp_total_topic_count":0,"_bbp_total_reply_count":0,"_bbp_voice_count":0,"_bbp_anonymous_reply_count":0,"_bbp_topic_count_hidden":0,"_bbp_reply_count_hidden":0,"_bbp_forum_subforum_count":0,"footnotes":""},"categories":[105,1],"tags":[],"class_list":["post-1219","post","type-post","status-publish","format-standard","hentry","category-mitja","category-general"],"post_mailing_queue_ids":[],"_links":{"self":[{"href":"https:\/\/agora.xtec.cat\/escolabacdecerdanya\/wp-json\/wp\/v2\/posts\/1219","targetHints":{"allow":["GET"]}}],"collection":[{"href":"https:\/\/agora.xtec.cat\/escolabacdecerdanya\/wp-json\/wp\/v2\/posts"}],"about":[{"href":"https:\/\/agora.xtec.cat\/escolabacdecerdanya\/wp-json\/wp\/v2\/types\/post"}],"author":[{"embeddable":true,"href":"https:\/\/agora.xtec.cat\/escolabacdecerdanya\/wp-json\/wp\/v2\/users\/21"}],"replies":[{"embeddable":true,"href":"https:\/\/agora.xtec.cat\/escolabacdecerdanya\/wp-json\/wp\/v2\/comments?post=1219"}],"version-history":[{"count":1,"href":"https:\/\/agora.xtec.cat\/escolabacdecerdanya\/wp-json\/wp\/v2\/posts\/1219\/revisions"}],"predecessor-version":[{"id":1395,"href":"https:\/\/agora.xtec.cat\/escolabacdecerdanya\/wp-json\/wp\/v2\/posts\/1219\/revisions\/1395"}],"wp:attachment":[{"href":"https:\/\/agora.xtec.cat\/escolabacdecerdanya\/wp-json\/wp\/v2\/media?parent=1219"}],"wp:term":[{"taxonomy":"category","embeddable":true,"href":"https:\/\/agora.xtec.cat\/escolabacdecerdanya\/wp-json\/wp\/v2\/categories?post=1219"},{"taxonomy":"post_tag","embeddable":true,"href":"https:\/\/agora.xtec.cat\/escolabacdecerdanya\/wp-json\/wp\/v2\/tags?post=1219"}],"curies":[{"name":"wp","href":"https:\/\/api.w.org\/{rel}","templated":true}]}}