{"id":1217,"date":"2018-06-08T00:22:00","date_gmt":"2018-06-07T22:22:00","guid":{"rendered":""},"modified":"2019-09-09T19:40:09","modified_gmt":"2019-09-09T17:40:09","slug":"lavi-de-la-maria","status":"publish","type":"post","link":"https:\/\/agora.xtec.cat\/escolabacdecerdanya\/general\/lavi-de-la-maria\/","title":{"rendered":"L&#8217;AVI DE LA MARIA"},"content":{"rendered":"<p>Dimecres 6 de juny vam tenir una altra visita molt esperada, va venir l&#8217;avi de la Maria acompanyat de l&#8217;\u00e0via, per explicar-nos tot de coses molt interessants d&#8217;abans. Els nens i nenes de 4t van escoltar tot el que l&#8217;Enric els va explicar amb molta atenci\u00f3 i inter\u00e9s. Tamb\u00e9 els va portar una mostra de pinzells que feien a la f\u00e0brica de la fam\u00edlia.<\/p>\n<p>MOLT\u00cdSSIMES GR\u00c0CIES, HEM APR\u00c8S MOLT!<\/p>\n<div style=\"text-align: center;\"><a href=\"https:\/\/photos.app.goo.gl\/NdMnvgjqds6vzcp28\" target=\"_blank\" rel=\"noopener noreferrer\"><span style=\"font-size: x-large;\">FOTOS<\/span><\/a><\/div>\n<p><iframe loading=\"lazy\" width=\"560\" height=\"315\" src=\"https:\/\/www.youtube.com\/embed\/Nxfq9J-OWK0\" frameborder=\"0\" allow=\"autoplay; encrypted-media\" allowfullscreen><\/iframe><\/p>\n","protected":false},"excerpt":{"rendered":"<p>Dimecres 6 de juny vam tenir una altra visita molt esperada, va venir l&#8217;avi de la Maria acompanyat de l&#8217;\u00e0via, per explicar-nos tot de coses molt interessants d&#8217;abans. Els nens i nenes de 4t van escoltar tot el que l&#8217;Enric els va explicar amb molta&hellip;  <a href=\"https:\/\/agora.xtec.cat\/escolabacdecerdanya\/general\/lavi-de-la-maria\/\" title=\"Read L&#8217;AVI DE LA MARIA\">Llegeix m\u00e9s\u00bb<\/a><\/p>\n","protected":false},"author":21,"featured_media":0,"comment_status":"open","ping_status":"closed","sticky":false,"template":"","format":"standard","meta":{"_bbp_topic_count":0,"_bbp_reply_count":0,"_bbp_total_topic_count":0,"_bbp_total_reply_count":0,"_bbp_voice_count":0,"_bbp_anonymous_reply_count":0,"_bbp_topic_count_hidden":0,"_bbp_reply_count_hidden":0,"_bbp_forum_subforum_count":0,"footnotes":""},"categories":[105,1],"tags":[],"class_list":["post-1217","post","type-post","status-publish","format-standard","hentry","category-mitja","category-general"],"post_mailing_queue_ids":[],"_links":{"self":[{"href":"https:\/\/agora.xtec.cat\/escolabacdecerdanya\/wp-json\/wp\/v2\/posts\/1217","targetHints":{"allow":["GET"]}}],"collection":[{"href":"https:\/\/agora.xtec.cat\/escolabacdecerdanya\/wp-json\/wp\/v2\/posts"}],"about":[{"href":"https:\/\/agora.xtec.cat\/escolabacdecerdanya\/wp-json\/wp\/v2\/types\/post"}],"author":[{"embeddable":true,"href":"https:\/\/agora.xtec.cat\/escolabacdecerdanya\/wp-json\/wp\/v2\/users\/21"}],"replies":[{"embeddable":true,"href":"https:\/\/agora.xtec.cat\/escolabacdecerdanya\/wp-json\/wp\/v2\/comments?post=1217"}],"version-history":[{"count":1,"href":"https:\/\/agora.xtec.cat\/escolabacdecerdanya\/wp-json\/wp\/v2\/posts\/1217\/revisions"}],"predecessor-version":[{"id":1393,"href":"https:\/\/agora.xtec.cat\/escolabacdecerdanya\/wp-json\/wp\/v2\/posts\/1217\/revisions\/1393"}],"wp:attachment":[{"href":"https:\/\/agora.xtec.cat\/escolabacdecerdanya\/wp-json\/wp\/v2\/media?parent=1217"}],"wp:term":[{"taxonomy":"category","embeddable":true,"href":"https:\/\/agora.xtec.cat\/escolabacdecerdanya\/wp-json\/wp\/v2\/categories?post=1217"},{"taxonomy":"post_tag","embeddable":true,"href":"https:\/\/agora.xtec.cat\/escolabacdecerdanya\/wp-json\/wp\/v2\/tags?post=1217"}],"curies":[{"name":"wp","href":"https:\/\/api.w.org\/{rel}","templated":true}]}}