{"id":1102,"date":"2014-09-29T18:41:00","date_gmt":"2014-09-29T16:41:00","guid":{"rendered":"http:\/\/agora.xtec.cat\/escolabacdecerdanya\/general\/comencem-els-racons\/"},"modified":"2014-09-29T18:41:00","modified_gmt":"2014-09-29T16:41:00","slug":"comencem-els-racons","status":"publish","type":"post","link":"https:\/\/agora.xtec.cat\/escolabacdecerdanya\/general\/comencem-els-racons\/","title":{"rendered":"COMENCEM ELS RACONS!"},"content":{"rendered":"<p><span style=\"font-family: Verdana, sans-serif;\">Amb aquest nou curs, tornem a iniciar els racons i, com l&#8217;any passat, un dia en fem de matem\u00e0tiques i un altre dia de llengua.<\/span><br \/><span style=\"font-family: Verdana, sans-serif;\">Aqu\u00ed a les fotos ens podeu veure com treballem!<\/span><\/p>\n<p><embed flashvars=\"host=picasaweb.google.com&amp;hl=ca&amp;feat=flashalbum&amp;RGB=0x000000&amp;feed=https%3A%2F%2Fpicasaweb.google.com%2Fdata%2Ffeed%2Fapi%2Fuser%2F104193275339949550497%2Falbumid%2F6064528822168980145%3Falt%3Drss%26kind%3Dphoto%26authkey%3DGv1sRgCMKGiYWdyt2-qwE%26hl%3Dca\" height=\"192\" pluginspage=\"http:\/\/www.macromedia.com\/go\/getflashplayer\" src=\"https:\/\/photos.gstatic.com\/media\/slideshow.swf\" type=\"application\/x-shockwave-flash\" width=\"288\"><\/embed><br \/><span style=\"font-family: Verdana, sans-serif;\">Als <b><i>racons de matem\u00e0tiques,<\/i><\/b> fem operacions amb el l\u00f3gico, activitats de concentraci\u00f3 amb el mini arco, fem mosaics amb pius i dibuixos seguint els n\u00fameros.<\/span><br \/><span style=\"font-family: Verdana, sans-serif;\">Als <b><i>racons de llengua<\/i><\/b>, juguem al &#8220;veig, veig,&#8230;&#8221;, busquem per la classe un llistat d&#8217;objectes i fem fam\u00edlies de paraules tirant un dau.<\/span><br \/><span style=\"font-family: Verdana, sans-serif;\"><br \/><\/span><\/p>\n","protected":false},"excerpt":{"rendered":"<p>Amb aquest nou curs, tornem a iniciar els racons i, com l&#8217;any passat, un dia en fem de matem\u00e0tiques i un altre dia de llengua.Aqu\u00ed a les fotos ens podeu veure com treballem!<br \/>\nAls racons de matem\u00e0tiques, fem operacions amb el l\u00f3gico, activitats de concentraci\u00f3 amb&hellip;  <a href=\"https:\/\/agora.xtec.cat\/escolabacdecerdanya\/general\/comencem-els-racons\/\" title=\"Read COMENCEM ELS RACONS!\">Llegeix m\u00e9s\u00bb<\/a><\/p>\n","protected":false},"author":1,"featured_media":0,"comment_status":"open","ping_status":"closed","sticky":false,"template":"","format":"standard","meta":{"_bbp_topic_count":0,"_bbp_reply_count":0,"_bbp_total_topic_count":0,"_bbp_total_reply_count":0,"_bbp_voice_count":0,"_bbp_anonymous_reply_count":0,"_bbp_topic_count_hidden":0,"_bbp_reply_count_hidden":0,"_bbp_forum_subforum_count":0,"footnotes":""},"categories":[1],"tags":[],"class_list":["post-1102","post","type-post","status-publish","format-standard","hentry","category-general"],"post_mailing_queue_ids":[],"_links":{"self":[{"href":"https:\/\/agora.xtec.cat\/escolabacdecerdanya\/wp-json\/wp\/v2\/posts\/1102","targetHints":{"allow":["GET"]}}],"collection":[{"href":"https:\/\/agora.xtec.cat\/escolabacdecerdanya\/wp-json\/wp\/v2\/posts"}],"about":[{"href":"https:\/\/agora.xtec.cat\/escolabacdecerdanya\/wp-json\/wp\/v2\/types\/post"}],"author":[{"embeddable":true,"href":"https:\/\/agora.xtec.cat\/escolabacdecerdanya\/wp-json\/wp\/v2\/users\/1"}],"replies":[{"embeddable":true,"href":"https:\/\/agora.xtec.cat\/escolabacdecerdanya\/wp-json\/wp\/v2\/comments?post=1102"}],"version-history":[{"count":0,"href":"https:\/\/agora.xtec.cat\/escolabacdecerdanya\/wp-json\/wp\/v2\/posts\/1102\/revisions"}],"wp:attachment":[{"href":"https:\/\/agora.xtec.cat\/escolabacdecerdanya\/wp-json\/wp\/v2\/media?parent=1102"}],"wp:term":[{"taxonomy":"category","embeddable":true,"href":"https:\/\/agora.xtec.cat\/escolabacdecerdanya\/wp-json\/wp\/v2\/categories?post=1102"},{"taxonomy":"post_tag","embeddable":true,"href":"https:\/\/agora.xtec.cat\/escolabacdecerdanya\/wp-json\/wp\/v2\/tags?post=1102"}],"curies":[{"name":"wp","href":"https:\/\/api.w.org\/{rel}","templated":true}]}}