{"id":1100,"date":"2014-10-08T13:14:00","date_gmt":"2014-10-08T11:14:00","guid":{"rendered":"http:\/\/agora.xtec.cat\/escolabacdecerdanya\/general\/excursio-amb-bicicleta\/"},"modified":"2014-10-08T13:14:00","modified_gmt":"2014-10-08T11:14:00","slug":"excursio-amb-bicicleta","status":"publish","type":"post","link":"https:\/\/agora.xtec.cat\/escolabacdecerdanya\/general\/excursio-amb-bicicleta\/","title":{"rendered":"Excursi\u00f3 amb bicicleta"},"content":{"rendered":"<p><\/p>\n<div style=\"clear: right; float: right; margin-bottom: 1em; margin-left: 1em; text-align: center;\"><a href=\"https:\/\/drive.google.com\/folderview?id=0B9OLrS47j8TkUFBENXZJbS00Y1E&amp;usp=sharing\" target=\"_blank\" rel=\"noopener noreferrer\"><img loading=\"lazy\" decoding=\"async\" border=\"0\" src=\"http:\/\/3.bp.blogspot.com\/-zf_8pxL5OFk\/VFDZcfa384I\/AAAAAAAABoM\/8rGRieIo4yw\/s1600\/20141003_120738.jpg\" height=\"180\" width=\"320\" \/><\/a><\/div>\n<p><span style=\"font-family: Verdana, sans-serif;\"><b>El dia 3 d&#8217;octubre vam anar d&#8217;excursi\u00f3 amb bicicleta a l&#8217;aer\u00f2drom i a la Torre d&#8217;Estoll.<\/b><\/span><br \/><span style=\"font-family: Verdana, sans-serif;\"><b><br \/><\/b><\/span><span style=\"font-family: Verdana, sans-serif;\"><b>Si cliqueu sobre la fotografia veureu qu\u00e8 vam fer!<\/b><\/span><\/p>\n","protected":false},"excerpt":{"rendered":"<p><a href=\"https:\/\/drive.google.com\/folderview?id=0B9OLrS47j8TkUFBENXZJbS00Y1E&amp;usp=sharing\" target=\"_blank\" rel=\"noopener noreferrer\"><\/a><br \/>\nEl dia 3 d&#8217;octubre vam anar d&#8217;excursi\u00f3 amb bicicleta a l&#8217;aer\u00f2drom i a la Torre d&#8217;Estoll.Si cliqueu sobre la fotografia veureu qu\u00e8 vam fer!<\/p>\n","protected":false},"author":1,"featured_media":0,"comment_status":"open","ping_status":"closed","sticky":false,"template":"","format":"standard","meta":{"_bbp_topic_count":0,"_bbp_reply_count":0,"_bbp_total_topic_count":0,"_bbp_total_reply_count":0,"_bbp_voice_count":0,"_bbp_anonymous_reply_count":0,"_bbp_topic_count_hidden":0,"_bbp_reply_count_hidden":0,"_bbp_forum_subforum_count":0,"footnotes":""},"categories":[1],"tags":[],"class_list":["post-1100","post","type-post","status-publish","format-standard","hentry","category-general"],"post_mailing_queue_ids":[],"_links":{"self":[{"href":"https:\/\/agora.xtec.cat\/escolabacdecerdanya\/wp-json\/wp\/v2\/posts\/1100","targetHints":{"allow":["GET"]}}],"collection":[{"href":"https:\/\/agora.xtec.cat\/escolabacdecerdanya\/wp-json\/wp\/v2\/posts"}],"about":[{"href":"https:\/\/agora.xtec.cat\/escolabacdecerdanya\/wp-json\/wp\/v2\/types\/post"}],"author":[{"embeddable":true,"href":"https:\/\/agora.xtec.cat\/escolabacdecerdanya\/wp-json\/wp\/v2\/users\/1"}],"replies":[{"embeddable":true,"href":"https:\/\/agora.xtec.cat\/escolabacdecerdanya\/wp-json\/wp\/v2\/comments?post=1100"}],"version-history":[{"count":0,"href":"https:\/\/agora.xtec.cat\/escolabacdecerdanya\/wp-json\/wp\/v2\/posts\/1100\/revisions"}],"wp:attachment":[{"href":"https:\/\/agora.xtec.cat\/escolabacdecerdanya\/wp-json\/wp\/v2\/media?parent=1100"}],"wp:term":[{"taxonomy":"category","embeddable":true,"href":"https:\/\/agora.xtec.cat\/escolabacdecerdanya\/wp-json\/wp\/v2\/categories?post=1100"},{"taxonomy":"post_tag","embeddable":true,"href":"https:\/\/agora.xtec.cat\/escolabacdecerdanya\/wp-json\/wp\/v2\/tags?post=1100"}],"curies":[{"name":"wp","href":"https:\/\/api.w.org\/{rel}","templated":true}]}}