{"id":1091,"date":"2015-06-09T12:37:00","date_gmt":"2015-06-09T10:37:00","guid":{"rendered":"http:\/\/agora.xtec.cat\/escolabacdecerdanya\/general\/colonies-al-delta-de-lebre\/"},"modified":"2015-06-09T12:37:00","modified_gmt":"2015-06-09T10:37:00","slug":"colonies-al-delta-de-lebre","status":"publish","type":"post","link":"https:\/\/agora.xtec.cat\/escolabacdecerdanya\/general\/colonies-al-delta-de-lebre\/","title":{"rendered":"Col\u00f2nies al Delta de l&#8217;Ebre"},"content":{"rendered":"<table cellpadding=\"0\" cellspacing=\"0\" style=\"float: right; text-align: right;\">\n<tbody>\n<tr>\n<td style=\"text-align: center;\"><span style=\"clear: right; margin-bottom: 1em; margin-left: auto; margin-right: auto;\"><a href=\"https:\/\/drive.google.com\/folderview?id=0B9OLrS47j8TkfmtuRnhaN0VxSjNtZTczcXlLUHRLbHoyelJ5b29RN0JIdEUtcXRUWU1JQzA&amp;usp=sharing\" target=\"_blank\" rel=\"noopener noreferrer\"><img loading=\"lazy\" decoding=\"async\" border=\"0\" height=\"150\" src=\"http:\/\/2.bp.blogspot.com\/-9qDHAt3ZXOo\/VXbBtnzncCI\/AAAAAAAAC6I\/ML5K-RYHyH4\/s200\/IMG_0819.JPG\" width=\"200\" \/><\/a><\/span><\/td>\n<\/tr>\n<tr>\n<td style=\"text-align: center;\"><a href=\"https:\/\/drive.google.com\/folderview?id=0B9OLrS47j8TkfmtuRnhaN0VxSjNtZTczcXlLUHRLbHoyelJ5b29RN0JIdEUtcXRUWU1JQzA&amp;usp=sharing\" target=\"_blank\" rel=\"noopener noreferrer\">Cliqueu la fotografia i podreu descarregar-vos totes les fotos.<\/a><\/td>\n<\/tr>\n<\/tbody>\n<\/table>\n<div style=\"text-align: justify;\"><span style=\"font-family: Helvetica Neue, Arial, Helvetica, sans-serif;\">Els dies 3,4 i 5 de juny els nens i nenes de prim\u00e0ria hem anat de col\u00f2nies al Delta de l&#8217;Ebre. Nom\u00e9s cal que mireu les imatges per a veure com van &#8220;xalar&#8221; (aix\u00ed ho diuen all\u00e0) els nens i nenes de 1r i 2n. <\/span><\/div>\n","protected":false},"excerpt":{"rendered":"<p><a href=\"https:\/\/drive.google.com\/folderview?id=0B9OLrS47j8TkfmtuRnhaN0VxSjNtZTczcXlLUHRLbHoyelJ5b29RN0JIdEUtcXRUWU1JQzA&amp;usp=sharing\" target=\"_blank\" rel=\"noopener noreferrer\"><\/a><\/p>\n<p><a href=\"https:\/\/drive.google.com\/folderview?id=0B9OLrS47j8TkfmtuRnhaN0VxSjNtZTczcXlLUHRLbHoyelJ5b29RN0JIdEUtcXRUWU1JQzA&amp;usp=sharing\" target=\"_blank\" rel=\"noopener noreferrer\">Cliqueu la fotografia i podreu descarregar-vos totes les fotos.<\/a><\/p>\n<p>Els dies 3,4 i 5 de juny els nens i nenes de prim\u00e0ria hem anat de col\u00f2nies al Delta de l&#8217;Ebre. Nom\u00e9s cal que mireu les imatges per a&hellip;  <a href=\"https:\/\/agora.xtec.cat\/escolabacdecerdanya\/general\/colonies-al-delta-de-lebre\/\" title=\"Read Col\u00f2nies al Delta de l&#8217;Ebre\">Llegeix m\u00e9s\u00bb<\/a><\/p>\n","protected":false},"author":1,"featured_media":0,"comment_status":"open","ping_status":"closed","sticky":false,"template":"","format":"standard","meta":{"_bbp_topic_count":0,"_bbp_reply_count":0,"_bbp_total_topic_count":0,"_bbp_total_reply_count":0,"_bbp_voice_count":0,"_bbp_anonymous_reply_count":0,"_bbp_topic_count_hidden":0,"_bbp_reply_count_hidden":0,"_bbp_forum_subforum_count":0,"footnotes":""},"categories":[1],"tags":[],"class_list":["post-1091","post","type-post","status-publish","format-standard","hentry","category-general"],"post_mailing_queue_ids":[],"_links":{"self":[{"href":"https:\/\/agora.xtec.cat\/escolabacdecerdanya\/wp-json\/wp\/v2\/posts\/1091","targetHints":{"allow":["GET"]}}],"collection":[{"href":"https:\/\/agora.xtec.cat\/escolabacdecerdanya\/wp-json\/wp\/v2\/posts"}],"about":[{"href":"https:\/\/agora.xtec.cat\/escolabacdecerdanya\/wp-json\/wp\/v2\/types\/post"}],"author":[{"embeddable":true,"href":"https:\/\/agora.xtec.cat\/escolabacdecerdanya\/wp-json\/wp\/v2\/users\/1"}],"replies":[{"embeddable":true,"href":"https:\/\/agora.xtec.cat\/escolabacdecerdanya\/wp-json\/wp\/v2\/comments?post=1091"}],"version-history":[{"count":0,"href":"https:\/\/agora.xtec.cat\/escolabacdecerdanya\/wp-json\/wp\/v2\/posts\/1091\/revisions"}],"wp:attachment":[{"href":"https:\/\/agora.xtec.cat\/escolabacdecerdanya\/wp-json\/wp\/v2\/media?parent=1091"}],"wp:term":[{"taxonomy":"category","embeddable":true,"href":"https:\/\/agora.xtec.cat\/escolabacdecerdanya\/wp-json\/wp\/v2\/categories?post=1091"},{"taxonomy":"post_tag","embeddable":true,"href":"https:\/\/agora.xtec.cat\/escolabacdecerdanya\/wp-json\/wp\/v2\/tags?post=1091"}],"curies":[{"name":"wp","href":"https:\/\/api.w.org\/{rel}","templated":true}]}}