{"id":1082,"date":"2015-12-22T19:40:00","date_gmt":"2015-12-22T18:40:00","guid":{"rendered":"http:\/\/agora.xtec.cat\/escolabacdecerdanya\/general\/acabem-el-primer-trimestre\/"},"modified":"2015-12-22T19:40:00","modified_gmt":"2015-12-22T18:40:00","slug":"acabem-el-primer-trimestre","status":"publish","type":"post","link":"https:\/\/agora.xtec.cat\/escolabacdecerdanya\/festes\/nadal\/acabem-el-primer-trimestre\/","title":{"rendered":"ACABEM EL PRIMER TRIMESTRE"},"content":{"rendered":"<p><span style=\"font-family: Verdana, sans-serif;\">L&#8217;\u00faltim dia del trimestre no parem de fer activitats:<\/span><br \/><span style=\"font-family: Verdana, sans-serif;\">&#8211; Amb el ti\u00f3 ben atipat, el fem cagar a cop de bast\u00f3.<\/span><br \/><span style=\"font-family: Verdana, sans-serif;\">&#8211; Amb les cartes preparades hem rebut el patge Gregori.<\/span><br \/><span style=\"font-family: Verdana, sans-serif;\">&#8211; I per acabar la festa, un bon esmorzar i discoteca.<\/span><br \/><span style=\"font-family: Verdana, sans-serif;\"><br \/><\/span><span style=\"font-family: Verdana, sans-serif;\">Voleu veure qu\u00e8 ha passat? Doncs cliqueu a la foto:<\/span><br \/><span style=\"font-family: Verdana, sans-serif;\"><br \/><\/span><\/p>\n<div style=\"clear: both; text-align: center;\"><a href=\"https:\/\/drive.google.com\/folderview?id=0B9OLrS47j8TkUDZtT3ExUkVnTnM&amp;usp=sharing\" target=\"_blank\" rel=\"noopener noreferrer\"><img loading=\"lazy\" decoding=\"async\" border=\"0\" height=\"225\" src=\"http:\/\/2.bp.blogspot.com\/-kWscGsbJRxA\/Vp0jjm72QaI\/AAAAAAAAEyQ\/qanOV60S3XM\/s400\/20151222_120845.jpg\" width=\"400\" \/><\/a><\/div>\n<p><\/p>\n","protected":false},"excerpt":{"rendered":"<p>L&#8217;\u00faltim dia del trimestre no parem de fer activitats:&#8211; Amb el ti\u00f3 ben atipat, el fem cagar a cop de bast\u00f3.&#8211; Amb les cartes preparades hem rebut el patge Gregori.&#8211; I per acabar la festa, un bon esmorzar i discoteca.Voleu veure qu\u00e8 ha passat? Doncs&hellip;  <a href=\"https:\/\/agora.xtec.cat\/escolabacdecerdanya\/festes\/nadal\/acabem-el-primer-trimestre\/\" title=\"Read ACABEM EL PRIMER TRIMESTRE\">Llegeix m\u00e9s\u00bb<\/a><\/p>\n","protected":false},"author":1,"featured_media":0,"comment_status":"open","ping_status":"closed","sticky":false,"template":"","format":"standard","meta":{"_bbp_topic_count":0,"_bbp_reply_count":0,"_bbp_total_topic_count":0,"_bbp_total_reply_count":0,"_bbp_voice_count":0,"_bbp_anonymous_reply_count":0,"_bbp_topic_count_hidden":0,"_bbp_reply_count_hidden":0,"_bbp_forum_subforum_count":0,"footnotes":""},"categories":[69],"tags":[],"class_list":["post-1082","post","type-post","status-publish","format-standard","hentry","category-nadal"],"post_mailing_queue_ids":[],"_links":{"self":[{"href":"https:\/\/agora.xtec.cat\/escolabacdecerdanya\/wp-json\/wp\/v2\/posts\/1082","targetHints":{"allow":["GET"]}}],"collection":[{"href":"https:\/\/agora.xtec.cat\/escolabacdecerdanya\/wp-json\/wp\/v2\/posts"}],"about":[{"href":"https:\/\/agora.xtec.cat\/escolabacdecerdanya\/wp-json\/wp\/v2\/types\/post"}],"author":[{"embeddable":true,"href":"https:\/\/agora.xtec.cat\/escolabacdecerdanya\/wp-json\/wp\/v2\/users\/1"}],"replies":[{"embeddable":true,"href":"https:\/\/agora.xtec.cat\/escolabacdecerdanya\/wp-json\/wp\/v2\/comments?post=1082"}],"version-history":[{"count":0,"href":"https:\/\/agora.xtec.cat\/escolabacdecerdanya\/wp-json\/wp\/v2\/posts\/1082\/revisions"}],"wp:attachment":[{"href":"https:\/\/agora.xtec.cat\/escolabacdecerdanya\/wp-json\/wp\/v2\/media?parent=1082"}],"wp:term":[{"taxonomy":"category","embeddable":true,"href":"https:\/\/agora.xtec.cat\/escolabacdecerdanya\/wp-json\/wp\/v2\/categories?post=1082"},{"taxonomy":"post_tag","embeddable":true,"href":"https:\/\/agora.xtec.cat\/escolabacdecerdanya\/wp-json\/wp\/v2\/tags?post=1082"}],"curies":[{"name":"wp","href":"https:\/\/api.w.org\/{rel}","templated":true}]}}