{"id":1078,"date":"2016-04-04T17:53:00","date_gmt":"2016-04-04T15:53:00","guid":{"rendered":"http:\/\/agora.xtec.cat\/escolabacdecerdanya\/general\/estudiem-picasso\/"},"modified":"2016-04-04T17:53:00","modified_gmt":"2016-04-04T15:53:00","slug":"estudiem-picasso","status":"publish","type":"post","link":"https:\/\/agora.xtec.cat\/escolabacdecerdanya\/general\/estudiem-picasso\/","title":{"rendered":"Estudiem PICASSO!"},"content":{"rendered":"<p><span style=\"color: #ea9999;\"><span style=\"font-size: small;\"><span style=\"font-family: &quot;trebuchet ms&quot; , sans-serif;\">Aquest tercer trimestre els nens i nenes de Cicle Inicial descobrirem qui era i qu\u00e8 va fer en PABLO PICASSO.&nbsp;&nbsp;<\/span><\/span><\/span><br \/><span style=\"color: #ea9999;\"><span style=\"font-size: small;\"><span style=\"font-family: &quot;trebuchet ms&quot; , sans-serif;\">Si vosaltres tamb\u00e9 en voleu saber coses cliqueu a la fotografia i us portar\u00e0 a un enlla\u00e7 d&#8217;all\u00f2 m\u00e9s interessant.<\/span><\/span><\/span><\/p>\n<div style=\"clear: both; text-align: center;\"><a href=\"http:\/\/www.museupicasso.bcn.cat\/\"><img loading=\"lazy\" decoding=\"async\" alt=\"http:\/\/www.museupicasso.bcn.cat\/\" border=\"0\" height=\"300\" src=\"https:\/\/1.bp.blogspot.com\/-qWvmrlcysWQ\/VwKNCaOWRtI\/AAAAAAAAE4Q\/Uv8x16pFy-MY85y3q23YubgRf9DAWh87w\/s400\/picasso-1-728.jpg\" width=\"400\" \/><\/a><\/div>\n","protected":false},"excerpt":{"rendered":"<p>Aquest tercer trimestre els nens i nenes de Cicle Inicial descobrirem qui era i qu\u00e8 va fer en PABLO PICASSO.&nbsp;&nbsp;Si vosaltres tamb\u00e9 en voleu saber coses cliqueu a la fotografia i us portar\u00e0 a un enlla\u00e7 d&#8217;all\u00f2 m\u00e9s interessant.<br \/>\n<a href=\"http:\/\/www.museupicasso.bcn.cat\/\"><\/a><\/p>\n","protected":false},"author":1,"featured_media":0,"comment_status":"open","ping_status":"closed","sticky":false,"template":"","format":"standard","meta":{"_bbp_topic_count":0,"_bbp_reply_count":0,"_bbp_total_topic_count":0,"_bbp_total_reply_count":0,"_bbp_voice_count":0,"_bbp_anonymous_reply_count":0,"_bbp_topic_count_hidden":0,"_bbp_reply_count_hidden":0,"_bbp_forum_subforum_count":0,"footnotes":""},"categories":[1],"tags":[],"class_list":["post-1078","post","type-post","status-publish","format-standard","hentry","category-general"],"post_mailing_queue_ids":[],"_links":{"self":[{"href":"https:\/\/agora.xtec.cat\/escolabacdecerdanya\/wp-json\/wp\/v2\/posts\/1078","targetHints":{"allow":["GET"]}}],"collection":[{"href":"https:\/\/agora.xtec.cat\/escolabacdecerdanya\/wp-json\/wp\/v2\/posts"}],"about":[{"href":"https:\/\/agora.xtec.cat\/escolabacdecerdanya\/wp-json\/wp\/v2\/types\/post"}],"author":[{"embeddable":true,"href":"https:\/\/agora.xtec.cat\/escolabacdecerdanya\/wp-json\/wp\/v2\/users\/1"}],"replies":[{"embeddable":true,"href":"https:\/\/agora.xtec.cat\/escolabacdecerdanya\/wp-json\/wp\/v2\/comments?post=1078"}],"version-history":[{"count":0,"href":"https:\/\/agora.xtec.cat\/escolabacdecerdanya\/wp-json\/wp\/v2\/posts\/1078\/revisions"}],"wp:attachment":[{"href":"https:\/\/agora.xtec.cat\/escolabacdecerdanya\/wp-json\/wp\/v2\/media?parent=1078"}],"wp:term":[{"taxonomy":"category","embeddable":true,"href":"https:\/\/agora.xtec.cat\/escolabacdecerdanya\/wp-json\/wp\/v2\/categories?post=1078"},{"taxonomy":"post_tag","embeddable":true,"href":"https:\/\/agora.xtec.cat\/escolabacdecerdanya\/wp-json\/wp\/v2\/tags?post=1078"}],"curies":[{"name":"wp","href":"https:\/\/api.w.org\/{rel}","templated":true}]}}