{"id":1070,"date":"2017-04-07T13:57:00","date_gmt":"2017-04-07T11:57:00","guid":{"rendered":"http:\/\/agora.xtec.cat\/escolabacdecerdanya\/general\/exposicio-sobre-gaudi\/"},"modified":"2019-06-28T12:30:00","modified_gmt":"2019-06-28T10:30:00","slug":"exposicio-sobre-gaudi","status":"publish","type":"post","link":"https:\/\/agora.xtec.cat\/escolabacdecerdanya\/general\/exposicio-sobre-gaudi\/","title":{"rendered":"EXPOSICI\u00d3 SOBRE GAUD\u00cd"},"content":{"rendered":"<p><span style=\"color: #38761d; font-family: &quot;helvetica neue&quot; , &quot;arial&quot; , &quot;helvetica&quot; , sans-serif;\">I avui per acabar el trimestre hem fet l&#8217;<b>exposici\u00f3<\/b> del nostre treball sobre <b>GAUD\u00cd.<\/b> &nbsp;<\/span><br \/><span style=\"color: #38761d; font-family: &quot;helvetica neue&quot; , &quot;arial&quot; , &quot;helvetica&quot; , sans-serif;\">Si cliqueu la foto de GAUD\u00cd podreu veure els <b>v\u00eddeos i fotografies<\/b> de les exposicions dels<b> alumnes de 1r i 2n<\/b>.<\/span><br \/><span style=\"color: #38761d; font-family: helvetica neue, arial, helvetica, sans-serif;\"><br \/><\/span><span style=\"color: #38761d; font-family: &quot;helvetica neue&quot; , &quot;arial&quot; , &quot;helvetica&quot; , sans-serif;\"><\/span><\/p>\n<div style=\"clear: both; text-align: center;\"><span style=\"color: #38761d; font-family: &quot;helvetica neue&quot; , &quot;arial&quot; , &quot;helvetica&quot; , sans-serif;\"><a href=\"https:\/\/goo.gl\/photos\/DkcjB8LJcTmCkgfF7\" target=\"_blank\" rel=\"noopener noreferrer\"><img loading=\"lazy\" decoding=\"async\" border=\"0\" height=\"320\" src=\"https:\/\/2.bp.blogspot.com\/-URgqrcIOUtE\/WOd2rsw9jEI\/AAAAAAAAFmE\/hAoZz6MNQ3MY0tPicPL4Thb7qh6UBszMwCLcB\/s320\/IMG_0555.JPG\" width=\"240\" \/><\/a><\/span><\/div>\n<p><span style=\"color: #38761d; font-family: &quot;helvetica neue&quot; , &quot;arial&quot; , &quot;helvetica&quot; , sans-serif;\"><span><\/span><span><\/span><a href=\"https:\/\/www.blogger.com\/\"><\/a><\/span><\/p>\n","protected":false},"excerpt":{"rendered":"<p>I avui per acabar el trimestre hem fet l&#8217;exposici\u00f3 del nostre treball sobre GAUD\u00cd. &nbsp;Si cliqueu la foto de GAUD\u00cd podreu veure els v\u00eddeos i fotografies de les exposicions dels alumnes de 1r i 2n.<br \/>\n<a href=\"https:\/\/goo.gl\/photos\/DkcjB8LJcTmCkgfF7\" target=\"_blank\" rel=\"noopener noreferrer\"><\/a><br \/>\n<a href=\"https:\/\/www.blogger.com\/\"><\/a><\/p>\n","protected":false},"author":1,"featured_media":0,"comment_status":"open","ping_status":"closed","sticky":false,"template":"","format":"standard","meta":{"_bbp_topic_count":0,"_bbp_reply_count":0,"_bbp_total_topic_count":0,"_bbp_total_reply_count":0,"_bbp_voice_count":0,"_bbp_anonymous_reply_count":0,"_bbp_topic_count_hidden":0,"_bbp_reply_count_hidden":0,"_bbp_forum_subforum_count":0,"footnotes":""},"categories":[104,1],"tags":[],"class_list":["post-1070","post","type-post","status-publish","format-standard","hentry","category-inicial","category-general"],"post_mailing_queue_ids":[],"_links":{"self":[{"href":"https:\/\/agora.xtec.cat\/escolabacdecerdanya\/wp-json\/wp\/v2\/posts\/1070","targetHints":{"allow":["GET"]}}],"collection":[{"href":"https:\/\/agora.xtec.cat\/escolabacdecerdanya\/wp-json\/wp\/v2\/posts"}],"about":[{"href":"https:\/\/agora.xtec.cat\/escolabacdecerdanya\/wp-json\/wp\/v2\/types\/post"}],"author":[{"embeddable":true,"href":"https:\/\/agora.xtec.cat\/escolabacdecerdanya\/wp-json\/wp\/v2\/users\/1"}],"replies":[{"embeddable":true,"href":"https:\/\/agora.xtec.cat\/escolabacdecerdanya\/wp-json\/wp\/v2\/comments?post=1070"}],"version-history":[{"count":1,"href":"https:\/\/agora.xtec.cat\/escolabacdecerdanya\/wp-json\/wp\/v2\/posts\/1070\/revisions"}],"predecessor-version":[{"id":1186,"href":"https:\/\/agora.xtec.cat\/escolabacdecerdanya\/wp-json\/wp\/v2\/posts\/1070\/revisions\/1186"}],"wp:attachment":[{"href":"https:\/\/agora.xtec.cat\/escolabacdecerdanya\/wp-json\/wp\/v2\/media?parent=1070"}],"wp:term":[{"taxonomy":"category","embeddable":true,"href":"https:\/\/agora.xtec.cat\/escolabacdecerdanya\/wp-json\/wp\/v2\/categories?post=1070"},{"taxonomy":"post_tag","embeddable":true,"href":"https:\/\/agora.xtec.cat\/escolabacdecerdanya\/wp-json\/wp\/v2\/tags?post=1070"}],"curies":[{"name":"wp","href":"https:\/\/api.w.org\/{rel}","templated":true}]}}