{"id":1063,"date":"2017-12-11T14:33:00","date_gmt":"2017-12-11T13:33:00","guid":{"rendered":"http:\/\/agora.xtec.cat\/escolabacdecerdanya\/general\/lectura-de-poemes-de-joana-raspall\/"},"modified":"2017-12-11T14:33:00","modified_gmt":"2017-12-11T13:33:00","slug":"lectura-de-poemes-de-joana-raspall","status":"publish","type":"post","link":"https:\/\/agora.xtec.cat\/escolabacdecerdanya\/general\/lectura-de-poemes-de-joana-raspall\/","title":{"rendered":"Lectura de Poemes de Joana Raspall"},"content":{"rendered":"<p>Avui uns quants nens i nenes de la classe de 2n han anat a llegir, els poemes de Joana Raspall que havien preparat, davant dels alumnnes de P3, P4 i P5.&nbsp; En el seg\u00fcent enlla\u00e7 podeu veure&#8217;n el v\u00eddeo:<\/p>\n<p><a href=\"https:\/\/drive.google.com\/a\/xtec.cat\/file\/d\/1fLcv3EwUbx0uRq1QB7ESfgKLiRDhzPyN\/view?usp=sharing\" target=\"_blank\" rel=\"noopener noreferrer\">https:\/\/drive.google.com\/a\/xtec.cat\/file\/d\/1fLcv3EwUbx0uRq1QB7ESfgKLiRDhzPyN\/view?usp=sharing<\/a><\/p>\n","protected":false},"excerpt":{"rendered":"<p>Avui uns quants nens i nenes de la classe de 2n han anat a llegir, els poemes de Joana Raspall que havien preparat, davant dels alumnnes de P3, P4 i P5.&nbsp; En el seg\u00fcent enlla\u00e7 podeu veure&#8217;n el v\u00eddeo:<br \/>\n<a href=\"https:\/\/drive.google.com\/a\/xtec.cat\/file\/d\/1fLcv3EwUbx0uRq1QB7ESfgKLiRDhzPyN\/view?usp=sharing\" target=\"_blank\" rel=\"noopener noreferrer\">https:\/\/drive.google.com\/a\/xtec.cat\/file\/d\/1fLcv3EwUbx0uRq1QB7ESfgKLiRDhzPyN\/view?usp=sharing<\/a><\/p>\n","protected":false},"author":1,"featured_media":0,"comment_status":"open","ping_status":"closed","sticky":false,"template":"","format":"standard","meta":{"_bbp_topic_count":0,"_bbp_reply_count":0,"_bbp_total_topic_count":0,"_bbp_total_reply_count":0,"_bbp_voice_count":0,"_bbp_anonymous_reply_count":0,"_bbp_topic_count_hidden":0,"_bbp_reply_count_hidden":0,"_bbp_forum_subforum_count":0,"footnotes":""},"categories":[1],"tags":[],"class_list":["post-1063","post","type-post","status-publish","format-standard","hentry","category-general"],"post_mailing_queue_ids":[],"_links":{"self":[{"href":"https:\/\/agora.xtec.cat\/escolabacdecerdanya\/wp-json\/wp\/v2\/posts\/1063","targetHints":{"allow":["GET"]}}],"collection":[{"href":"https:\/\/agora.xtec.cat\/escolabacdecerdanya\/wp-json\/wp\/v2\/posts"}],"about":[{"href":"https:\/\/agora.xtec.cat\/escolabacdecerdanya\/wp-json\/wp\/v2\/types\/post"}],"author":[{"embeddable":true,"href":"https:\/\/agora.xtec.cat\/escolabacdecerdanya\/wp-json\/wp\/v2\/users\/1"}],"replies":[{"embeddable":true,"href":"https:\/\/agora.xtec.cat\/escolabacdecerdanya\/wp-json\/wp\/v2\/comments?post=1063"}],"version-history":[{"count":0,"href":"https:\/\/agora.xtec.cat\/escolabacdecerdanya\/wp-json\/wp\/v2\/posts\/1063\/revisions"}],"wp:attachment":[{"href":"https:\/\/agora.xtec.cat\/escolabacdecerdanya\/wp-json\/wp\/v2\/media?parent=1063"}],"wp:term":[{"taxonomy":"category","embeddable":true,"href":"https:\/\/agora.xtec.cat\/escolabacdecerdanya\/wp-json\/wp\/v2\/categories?post=1063"},{"taxonomy":"post_tag","embeddable":true,"href":"https:\/\/agora.xtec.cat\/escolabacdecerdanya\/wp-json\/wp\/v2\/tags?post=1063"}],"curies":[{"name":"wp","href":"https:\/\/api.w.org\/{rel}","templated":true}]}}