{"id":1062,"date":"2017-12-25T16:09:00","date_gmt":"2017-12-25T15:09:00","guid":{"rendered":"http:\/\/agora.xtec.cat\/escolabacdecerdanya\/general\/festa-de-nadal\/"},"modified":"2017-12-25T16:09:00","modified_gmt":"2017-12-25T15:09:00","slug":"festa-de-nadal","status":"publish","type":"post","link":"https:\/\/agora.xtec.cat\/escolabacdecerdanya\/general\/festa-de-nadal\/","title":{"rendered":"FESTA DE NADAL"},"content":{"rendered":"<p><span style=\"font-family: &quot;helvetica neue&quot; , &quot;arial&quot; , &quot;helvetica&quot; , sans-serif;\">Un any m\u00e9s, la <span style=\"background-color: red;\">Cantata dels Pastorets<\/span>, <span style=\"background-color: #660000;\"><span style=\"color: white;\">el ti\u00f3<\/span><\/span>, la <span style=\"background-color: purple;\"><span style=\"color: white;\">visita del patge<\/span><\/span> i l&#8217;<span style=\"background-color: #6aa84f;\">esmorzar pica-pica disco<\/span>, ens han servit per tancar el primer trimestre. Aqu\u00ed us deixem unes fotos de totes aquestes activitats. Ah! Us avisem que <span style=\"background-color: black; color: white;\">algunes fotos fan una mica de por!<\/span><\/span><br \/><a href=\"https:\/\/drive.google.com\/drive\/folders\/16Aob8OMi91q8pJMN0EQGnXqsvpcW10Mn?usp=sharing\" target=\"_blank\" rel=\"noopener noreferrer\">https:\/\/drive.google.com\/drive\/folders\/16Aob8OMi91q8pJMN0EQGnXqsvpcW10Mn?usp=sharing<\/a><br \/><span style=\"font-family: &quot;helvetica neue&quot; , &quot;arial&quot; , &quot;helvetica&quot; , sans-serif;\"><br \/><\/span><\/p>\n","protected":false},"excerpt":{"rendered":"<p>Un any m\u00e9s, la Cantata dels Pastorets, el ti\u00f3, la visita del patge i l&#8217;esmorzar pica-pica disco, ens han servit per tancar el primer trimestre. Aqu\u00ed us deixem unes fotos de totes aquestes activitats. Ah! Us avisem que algunes fotos fan una mica de por!<a&hellip;  <a href=\"https:\/\/agora.xtec.cat\/escolabacdecerdanya\/general\/festa-de-nadal\/\" title=\"Read FESTA DE NADAL\">Llegeix m\u00e9s\u00bb<\/a><\/p>\n","protected":false},"author":1,"featured_media":0,"comment_status":"open","ping_status":"closed","sticky":false,"template":"","format":"standard","meta":{"_bbp_topic_count":0,"_bbp_reply_count":0,"_bbp_total_topic_count":0,"_bbp_total_reply_count":0,"_bbp_voice_count":0,"_bbp_anonymous_reply_count":0,"_bbp_topic_count_hidden":0,"_bbp_reply_count_hidden":0,"_bbp_forum_subforum_count":0,"footnotes":""},"categories":[1],"tags":[],"class_list":["post-1062","post","type-post","status-publish","format-standard","hentry","category-general"],"post_mailing_queue_ids":[],"_links":{"self":[{"href":"https:\/\/agora.xtec.cat\/escolabacdecerdanya\/wp-json\/wp\/v2\/posts\/1062","targetHints":{"allow":["GET"]}}],"collection":[{"href":"https:\/\/agora.xtec.cat\/escolabacdecerdanya\/wp-json\/wp\/v2\/posts"}],"about":[{"href":"https:\/\/agora.xtec.cat\/escolabacdecerdanya\/wp-json\/wp\/v2\/types\/post"}],"author":[{"embeddable":true,"href":"https:\/\/agora.xtec.cat\/escolabacdecerdanya\/wp-json\/wp\/v2\/users\/1"}],"replies":[{"embeddable":true,"href":"https:\/\/agora.xtec.cat\/escolabacdecerdanya\/wp-json\/wp\/v2\/comments?post=1062"}],"version-history":[{"count":0,"href":"https:\/\/agora.xtec.cat\/escolabacdecerdanya\/wp-json\/wp\/v2\/posts\/1062\/revisions"}],"wp:attachment":[{"href":"https:\/\/agora.xtec.cat\/escolabacdecerdanya\/wp-json\/wp\/v2\/media?parent=1062"}],"wp:term":[{"taxonomy":"category","embeddable":true,"href":"https:\/\/agora.xtec.cat\/escolabacdecerdanya\/wp-json\/wp\/v2\/categories?post=1062"},{"taxonomy":"post_tag","embeddable":true,"href":"https:\/\/agora.xtec.cat\/escolabacdecerdanya\/wp-json\/wp\/v2\/tags?post=1062"}],"curies":[{"name":"wp","href":"https:\/\/api.w.org\/{rel}","templated":true}]}}